{"id":49812,"date":"2026-01-25T14:15:17","date_gmt":"2026-01-25T12:15:17","guid":{"rendered":"https:\/\/www.mladibl.com\/?p=49812"},"modified":"2026-01-25T14:15:24","modified_gmt":"2026-01-25T12:15:24","slug":"izlozba-povodom-170-godisnjice-od-rodenja-nikole-tesle-u-muzeju-republike-srpske","status":"publish","type":"post","link":"https:\/\/www.mladibl.com\/?p=49812","title":{"rendered":"Izlo\u017eba povodom 170. godi\u0161njice od ro\u0111enja Nikole Tesle u Muzeju Republike Srpske"},"content":{"rendered":"\n<hr class=\"wp-block-separator has-alpha-channel-opacity\"\/>\n\n\n\n<p>U Muzeju republike Srpske povodom jubileja 170. godi\u0161njice ro\u0111enja na\u0161eg i svjetskog velikana i nau\u010dnika Nikole Tesle, koji \u0107e biti obilje\u017een u svijetu i regiji, Savez inovatora Republike Srpske organizuje&nbsp;&nbsp;izlo\u017ebu \u201e\u017divot i djelo Nikole Tesle\u201c, koja \u0107e biti postavljena od 26. januara do 7. februara 2026. godine.&nbsp;<\/p>\n\n\n\n<p>-Izlo\u017eba obuhvata 34 banera na kojima je slikom i tekstom ilustrovan \u017eivot i djelo Nikole Tesle. Bi\u0107e prezentovana i dva \u201e\u017eiva\u201c eksponata i to: Teslin tranformator i Teslin brodi\u0107 na daljinsko be\u017ei\u010dno upravljanje. Otvaranje izlo\u017ebe odr\u017ea\u0107e se 26. januara 2026. godine u 12.00 \u010dasova u Muzeju Republike Srpske uz prigodan program \u2013 navedeno je u saop\u0161tenju.&nbsp;<\/p>\n\n\n\n<figure class=\"wp-block-image size-full\"><img loading=\"lazy\" decoding=\"async\" width=\"800\" height=\"1000\" src=\"http:\/\/www.mladibl.com\/wp-content\/uploads\/2026\/01\/Izlozba-povodom-170.-godisnjice-od-rodenja-Nikole-Tesle-u-Muzeju-Republike-Srpske.jpg\" alt=\"Izlo\u017eba povodom 170. godi\u0161njice od ro\u0111enja Nikole Tesle u Muzeju Republike Srpske\" class=\"wp-image-49809\" srcset=\"https:\/\/www.mladibl.com\/wp-content\/uploads\/2026\/01\/Izlozba-povodom-170.-godisnjice-od-rodenja-Nikole-Tesle-u-Muzeju-Republike-Srpske.jpg 800w, https:\/\/www.mladibl.com\/wp-content\/uploads\/2026\/01\/Izlozba-povodom-170.-godisnjice-od-rodenja-Nikole-Tesle-u-Muzeju-Republike-Srpske-240x300.jpg 240w, https:\/\/www.mladibl.com\/wp-content\/uploads\/2026\/01\/Izlozba-povodom-170.-godisnjice-od-rodenja-Nikole-Tesle-u-Muzeju-Republike-Srpske-768x960.jpg 768w\" sizes=\"auto, (max-width: 800px) 100vw, 800px\" \/><\/figure>\n\n\n\n<p>Preuzeto sa: <a href=\"https:\/\/www.banjaluka.rs.ba\/izlozba-povodom-170-godisnjice-od-rodjenja\/\" target=\"_blank\" rel=\"noreferrer noopener\">banjaluka.rs.ba<\/a><\/p>\n","protected":false},"excerpt":{"rendered":"<p>U Muzeju republike Srpske povodom jubileja 170. godi\u0161njice ro\u0111enja na\u0161eg i svjetskog velikana i nau\u010dnika Nikole Tesle, koji \u0107e biti<\/p>\n","protected":false},"author":1,"featured_media":49809,"comment_status":"closed","ping_status":"open","sticky":false,"template":"","format":"standard","meta":{"om_disable_all_campaigns":false,"_monsterinsights_skip_tracking":false,"_monsterinsights_sitenote_active":false,"_monsterinsights_sitenote_note":"","_monsterinsights_sitenote_category":0,"footnotes":""},"categories":[2],"tags":[699,9857,656],"class_list":["post-49812","post","type-post","status-publish","format-standard","has-post-thumbnail","hentry","category-vijesti","tag-izlozba","tag-muzej-republike-srpske","tag-nikola-tesla"],"jetpack_featured_media_url":"https:\/\/www.mladibl.com\/wp-content\/uploads\/2026\/01\/Izlozba-povodom-170.-godisnjice-od-rodenja-Nikole-Tesle-u-Muzeju-Republike-Srpske.jpg","amp_enabled":true,"_links":{"self":[{"href":"https:\/\/www.mladibl.com\/index.php?rest_route=\/wp\/v2\/posts\/49812","targetHints":{"allow":["GET"]}}],"collection":[{"href":"https:\/\/www.mladibl.com\/index.php?rest_route=\/wp\/v2\/posts"}],"about":[{"href":"https:\/\/www.mladibl.com\/index.php?rest_route=\/wp\/v2\/types\/post"}],"author":[{"embeddable":true,"href":"https:\/\/www.mladibl.com\/index.php?rest_route=\/wp\/v2\/users\/1"}],"replies":[{"embeddable":true,"href":"https:\/\/www.mladibl.com\/index.php?rest_route=%2Fwp%2Fv2%2Fcomments&post=49812"}],"version-history":[{"count":1,"href":"https:\/\/www.mladibl.com\/index.php?rest_route=\/wp\/v2\/posts\/49812\/revisions"}],"predecessor-version":[{"id":49813,"href":"https:\/\/www.mladibl.com\/index.php?rest_route=\/wp\/v2\/posts\/49812\/revisions\/49813"}],"wp:featuredmedia":[{"embeddable":true,"href":"https:\/\/www.mladibl.com\/index.php?rest_route=\/wp\/v2\/media\/49809"}],"wp:attachment":[{"href":"https:\/\/www.mladibl.com\/index.php?rest_route=%2Fwp%2Fv2%2Fmedia&parent=49812"}],"wp:term":[{"taxonomy":"category","embeddable":true,"href":"https:\/\/www.mladibl.com\/index.php?rest_route=%2Fwp%2Fv2%2Fcategories&post=49812"},{"taxonomy":"post_tag","embeddable":true,"href":"https:\/\/www.mladibl.com\/index.php?rest_route=%2Fwp%2Fv2%2Ftags&post=49812"}],"curies":[{"name":"wp","href":"https:\/\/api.w.org\/{rel}","templated":true}]}}