{"id":49800,"date":"2026-01-25T14:13:50","date_gmt":"2026-01-25T12:13:50","guid":{"rendered":"https:\/\/www.mladibl.com\/?p=49800"},"modified":"2026-01-25T14:13:55","modified_gmt":"2026-01-25T12:13:55","slug":"svetosavska-akademija-u-utorak-u-banskom-dvoru","status":"publish","type":"post","link":"https:\/\/www.mladibl.com\/?p=49800","title":{"rendered":"Svetosavska akademija u utorak u Banskom dvoru"},"content":{"rendered":"\n<hr class=\"wp-block-separator has-alpha-channel-opacity\"\/>\n\n\n\n<p>U \u010dast Svetom Savi, prvom srpskom arhiepiskopu, u\u010ditelju i prosvjetitelju, u utorak, 27. januara u Koncertnoj dvorani Kulturnog centra Banski dvor sa po\u010detkom u 20.00 \u010dasova bi\u0107e odr\u017eana Svetosavska akademija.<\/p>\n\n\n\n<p>Organizator je Srpsko-pjeva\u010dko dru\u0161tvo \u201cJedinstvo\u201d, uz pokroviteljstvo Srpske pravoslavne Eparhije banjalu\u010dke i Grada Banje Luke, a ulaz je slobodan.<\/p>\n\n\n\n<figure class=\"wp-block-image\"><img decoding=\"async\" src=\"https:\/\/www.banjaluka.rs.ba\/wp-content\/uploads\/2026\/01\/Svetosvska-akademija.jpg\" alt=\"\"\/><\/figure>\n\n\n\n<p>Preuzeto sa: <a href=\"https:\/\/www.banjaluka.rs.ba\/svetosavska-akademija-u-utorak-u-banskom-dvoru\/\" target=\"_blank\" rel=\"noreferrer noopener\">banjaluka.rs.ba<\/a><\/p>\n","protected":false},"excerpt":{"rendered":"<p>U \u010dast Svetom Savi, prvom srpskom arhiepiskopu, u\u010ditelju i prosvjetitelju, u utorak, 27. januara u Koncertnoj dvorani Kulturnog centra Banski<\/p>\n","protected":false},"author":1,"featured_media":49810,"comment_status":"closed","ping_status":"open","sticky":false,"template":"","format":"standard","meta":{"om_disable_all_campaigns":false,"_monsterinsights_skip_tracking":false,"_monsterinsights_sitenote_active":false,"_monsterinsights_sitenote_note":"","_monsterinsights_sitenote_category":0,"footnotes":""},"categories":[2],"tags":[881,10545],"class_list":["post-49800","post","type-post","status-publish","format-standard","has-post-thumbnail","hentry","category-vijesti","tag-banski-dvor","tag-svetosavska-akademija"],"jetpack_featured_media_url":"https:\/\/www.mladibl.com\/wp-content\/uploads\/2026\/01\/Svetosavska-akademija-u-utorak-u-Banskom-dvoru.jpg","amp_enabled":true,"_links":{"self":[{"href":"https:\/\/www.mladibl.com\/index.php?rest_route=\/wp\/v2\/posts\/49800","targetHints":{"allow":["GET"]}}],"collection":[{"href":"https:\/\/www.mladibl.com\/index.php?rest_route=\/wp\/v2\/posts"}],"about":[{"href":"https:\/\/www.mladibl.com\/index.php?rest_route=\/wp\/v2\/types\/post"}],"author":[{"embeddable":true,"href":"https:\/\/www.mladibl.com\/index.php?rest_route=\/wp\/v2\/users\/1"}],"replies":[{"embeddable":true,"href":"https:\/\/www.mladibl.com\/index.php?rest_route=%2Fwp%2Fv2%2Fcomments&post=49800"}],"version-history":[{"count":1,"href":"https:\/\/www.mladibl.com\/index.php?rest_route=\/wp\/v2\/posts\/49800\/revisions"}],"predecessor-version":[{"id":49811,"href":"https:\/\/www.mladibl.com\/index.php?rest_route=\/wp\/v2\/posts\/49800\/revisions\/49811"}],"wp:featuredmedia":[{"embeddable":true,"href":"https:\/\/www.mladibl.com\/index.php?rest_route=\/wp\/v2\/media\/49810"}],"wp:attachment":[{"href":"https:\/\/www.mladibl.com\/index.php?rest_route=%2Fwp%2Fv2%2Fmedia&parent=49800"}],"wp:term":[{"taxonomy":"category","embeddable":true,"href":"https:\/\/www.mladibl.com\/index.php?rest_route=%2Fwp%2Fv2%2Fcategories&post=49800"},{"taxonomy":"post_tag","embeddable":true,"href":"https:\/\/www.mladibl.com\/index.php?rest_route=%2Fwp%2Fv2%2Ftags&post=49800"}],"curies":[{"name":"wp","href":"https:\/\/api.w.org\/{rel}","templated":true}]}}