{"id":49781,"date":"2026-01-22T19:44:07","date_gmt":"2026-01-22T17:44:07","guid":{"rendered":"https:\/\/www.mladibl.com\/?p=49781"},"modified":"2026-01-22T19:44:12","modified_gmt":"2026-01-22T17:44:12","slug":"medunarodni-sajam-turizma-banja-luka-2026-od-27-februara-do-1-marta","status":"publish","type":"post","link":"https:\/\/www.mladibl.com\/?p=49781","title":{"rendered":"Me\u0111unarodni sajam turizma \u201eBanja Luka 2026\u201c od 27. februara do 1. marta"},"content":{"rendered":"\n<hr class=\"wp-block-separator has-alpha-channel-opacity\"\/>\n\n\n\n<p>\u0160esti me\u0111unarodni sajam turizma \u201eBanjaluka 2026\u201c bi\u0107e odr\u017ean u Sportskoj dvorani \u201eCentar\u201c od 27. februara do 1. marta 2026. godine.<\/p>\n\n\n\n<p>Sajam se odr\u017eava u organizaciji kompanije \u201eRS Consulting and Trade d.o.o. Banjaluka\u201c uz institucionalnu podr\u0161ku resornih ministarstava, i to Ministarstva spoljne trgovine i ekonomskih odnosa BiH i Ministarstva trgovine i turizma Republike Srpske.<\/p>\n\n\n\n<p>Organizatori su naveli da je zna\u010dajnu podr\u0161ku pru\u017eio i Grad Banja Luka kao doma\u0107in, ali i brojne institucije i organizacije iz oblasti turizma iz \u010ditave BiH.<\/p>\n\n\n\n<p>-I ove godine, kao i prethodnih uz visok organizacioni i profesionalni nivo o\u010dekujemo da \u0107e sajam okupiti veliki broj izlaga\u010da iz svih krajeva regiona. U okviru kompleksa dvorane Centar na prostoru ve\u0107em od 1.400 kvadratnih metara turisti\u010dku ponudu, smje\u0161tajne kapacitete, kulturu i obi\u010daje predstavi\u0107e vi\u0161e od 150 direktnih izlaga\u010da iz zemalja u okru\u017eenju. Izuzetna lokacija, u strogom centru grada, bi\u0107e mjesto gdj \u0107e brojni posjetioci imati priliku da se upoznaju sa turisti\u010dkim sadr\u017eajem i predstavnicima iz Slovenije, Hrvatske, Bosne i Hercegovine, Srbije, Crne Gore, Gr\u010dke i Turske \u2013 saop\u0161tili su organizatori.<\/p>\n\n\n\n<p>Kao i prethodnih godina Me\u0111unarodni sajam turizma u Banjoj Luci bi\u0107e mjesto susreta i umre\u017eavanja brojnih turisti\u010dkih radnika iz zemalja okru\u017eenja.<\/p>\n\n\n\n<p>Organizatori manifestacije organizova\u0107e i niz prate\u0107ih edukativnih aktivnosti kao \u0161to su stru\u010dne konferencije, panel diskusije i sli\u010dno.<\/p>\n\n\n\n<p>Za sve izlaga\u010de bi\u0107e uprili\u010den i bogat kulturno-zabavni program u gradu na Vrbasu kroz \u201eVe\u010de prijatelja sajma\u201c i \u201eBanjalu\u010dko ve\u010de\u201c.<\/p>\n\n\n\n<p>-U tri sajamska dana, gdje je ulaz besplatan, za sve posjetioce pripremljena su iznena\u0111enja kao i nagradne igre s poklon putovanjima, specijalni sajamski popusti, degustacije delicija iz razli\u010ditih podneblja \u0161to je dodatni razlog za posjetu jedinstvenog sajma turizma u Banjoj Luci. Svi posjetioci dobi\u0107e priliku da sebi priu\u0161te ljetovanje po \u017eelji uz ekskluzivne popuste. Promovisa\u0107e se najrazli\u010ditije mogu\u0107nosti izbora kao \u0161to su porodi\u010dna putovanja, daleke i egzoti\u010dne destinacije, putovanja za mlade, sity break odmor i oporavak u fantasti\u010dnim banjama, spa vikendi na planinama, te eko i aktivni turizam kao i niz drugih mogu\u0107nosti izbora \u2013 navedeno je u saop\u0161tenju.<\/p>\n\n\n\n<p>Preuzeto sa: <a href=\"https:\/\/www.banjaluka.rs.ba\/medjunarodni-sajam-turizma-banja-luka-2026\/\" target=\"_blank\" rel=\"noreferrer noopener\">banjaluka.rs.ba<\/a><\/p>\n","protected":false},"excerpt":{"rendered":"<p>\u0160esti me\u0111unarodni sajam turizma \u201eBanjaluka 2026\u201c bi\u0107e odr\u017ean u Sportskoj dvorani \u201eCentar\u201c od 27. februara do 1. marta 2026. godine.<\/p>\n","protected":false},"author":1,"featured_media":49778,"comment_status":"closed","ping_status":"open","sticky":false,"template":"","format":"standard","meta":{"om_disable_all_campaigns":false,"_monsterinsights_skip_tracking":false,"_monsterinsights_sitenote_active":false,"_monsterinsights_sitenote_note":"","_monsterinsights_sitenote_category":0,"footnotes":""},"categories":[2],"tags":[53,10795],"class_list":["post-49781","post","type-post","status-publish","format-standard","has-post-thumbnail","hentry","category-vijesti","tag-banja-luka","tag-medunarodni-sajam-turizma"],"jetpack_featured_media_url":"https:\/\/www.mladibl.com\/wp-content\/uploads\/2026\/01\/Medunarodni-sajam-turizma-\u201eBanja-Luka-2026-od-27.-februara-do-1.-marta.jpg","amp_enabled":true,"_links":{"self":[{"href":"https:\/\/www.mladibl.com\/index.php?rest_route=\/wp\/v2\/posts\/49781","targetHints":{"allow":["GET"]}}],"collection":[{"href":"https:\/\/www.mladibl.com\/index.php?rest_route=\/wp\/v2\/posts"}],"about":[{"href":"https:\/\/www.mladibl.com\/index.php?rest_route=\/wp\/v2\/types\/post"}],"author":[{"embeddable":true,"href":"https:\/\/www.mladibl.com\/index.php?rest_route=\/wp\/v2\/users\/1"}],"replies":[{"embeddable":true,"href":"https:\/\/www.mladibl.com\/index.php?rest_route=%2Fwp%2Fv2%2Fcomments&post=49781"}],"version-history":[{"count":1,"href":"https:\/\/www.mladibl.com\/index.php?rest_route=\/wp\/v2\/posts\/49781\/revisions"}],"predecessor-version":[{"id":49782,"href":"https:\/\/www.mladibl.com\/index.php?rest_route=\/wp\/v2\/posts\/49781\/revisions\/49782"}],"wp:featuredmedia":[{"embeddable":true,"href":"https:\/\/www.mladibl.com\/index.php?rest_route=\/wp\/v2\/media\/49778"}],"wp:attachment":[{"href":"https:\/\/www.mladibl.com\/index.php?rest_route=%2Fwp%2Fv2%2Fmedia&parent=49781"}],"wp:term":[{"taxonomy":"category","embeddable":true,"href":"https:\/\/www.mladibl.com\/index.php?rest_route=%2Fwp%2Fv2%2Fcategories&post=49781"},{"taxonomy":"post_tag","embeddable":true,"href":"https:\/\/www.mladibl.com\/index.php?rest_route=%2Fwp%2Fv2%2Ftags&post=49781"}],"curies":[{"name":"wp","href":"https:\/\/api.w.org\/{rel}","templated":true}]}}