{"id":49747,"date":"2026-01-21T22:44:14","date_gmt":"2026-01-21T20:44:14","guid":{"rendered":"https:\/\/www.mladibl.com\/?p=49747"},"modified":"2026-01-21T22:44:20","modified_gmt":"2026-01-21T20:44:20","slug":"karavan-praznika-mimoze-u-nedjelju-stize-u-grad-na-vrbasu","status":"publish","type":"post","link":"https:\/\/www.mladibl.com\/?p=49747","title":{"rendered":"Karavan Praznika mimoze u nedjelju sti\u017ee u grad na Vrbasu"},"content":{"rendered":"\n<hr class=\"wp-block-separator has-alpha-channel-opacity\"\/>\n\n\n\n<p>Karavan \u201e57. Praznika mimoze\u201c u nedjelju, 25. januara, sti\u017ee u Banju Luku, donose\u0107i sa sobom boje, muziku i prepoznatljiv mediteranski duh.<\/p>\n\n\n\n<p>Banjalu\u010dani, kao i gosti koji tog dana budu u gradu na Vrbasu, ima\u0107e priliku da osjete prazni\u010dnu atmosferu jedne od najpoznatijih zimskih manifestacija u regionu.<\/p>\n\n\n\n<p>Kako su saop\u0161tili iz Turisti\u010dke organizacije grada Banje Luke, defile gradske muzike, ma\u017eoretkinja, trombonjera i ma\u0161kara unije\u0107e u gradsko jezgro vedrinu juga i pravi sve\u010dani ugo\u0111aj.<\/p>\n\n\n\n<p>Program po\u010dinje u 12.oo \u010dasova, a nakon defilea posjetioce o\u010dekuje i koncert benda \u201eTrio Mare\u201c, uz mediteranske ritmove i cvijet mimoze \u2013 simbol Praznika mimoze.<\/p>\n\n\n\n<p>Iz Turisti\u010dke organizacije poru\u010duju da sa zadovoljstvom podr\u017eavaju ovaj doga\u0111aj i pozivaju gra\u0111ane i posjetioce da u nedjelju u\u017eivaju u djeli\u0107u mediteranskog duha.<\/p>\n\n\n\n<p>Ina\u010de, jedna od najve\u0107ih turisti\u010dko-zabavnih manifestacija u regionu \u201ePraznik mimoze\u201c bi\u0107e odr\u017eana u Herceg Novom od 13. do 28. februara.<\/p>\n\n\n\n<p>Preuzeto sa: <a href=\"https:\/\/www.banjaluka.rs.ba\/karavan-57-praznika-mimoze-u-nedjelju-st\/\" target=\"_blank\" rel=\"noreferrer noopener\">banjaluka.rs.ba<\/a><\/p>\n","protected":false},"excerpt":{"rendered":"<p>Karavan \u201e57. Praznika mimoze\u201c u nedjelju, 25. januara, sti\u017ee u Banju Luku, donose\u0107i sa sobom boje, muziku i prepoznatljiv mediteranski<\/p>\n","protected":false},"author":1,"featured_media":49744,"comment_status":"closed","ping_status":"open","sticky":false,"template":"","format":"standard","meta":{"om_disable_all_campaigns":false,"_monsterinsights_skip_tracking":false,"_monsterinsights_sitenote_active":false,"_monsterinsights_sitenote_note":"","_monsterinsights_sitenote_category":0,"footnotes":""},"categories":[2],"tags":[53,12544],"class_list":["post-49747","post","type-post","status-publish","format-standard","has-post-thumbnail","hentry","category-vijesti","tag-banja-luka","tag-praznik-mimoze"],"jetpack_featured_media_url":"https:\/\/www.mladibl.com\/wp-content\/uploads\/2026\/01\/Karavan-Praznika-mimoze-u-nedjelju-stize-u-grad-na-Vrbasu.jpg","amp_enabled":true,"_links":{"self":[{"href":"https:\/\/www.mladibl.com\/index.php?rest_route=\/wp\/v2\/posts\/49747","targetHints":{"allow":["GET"]}}],"collection":[{"href":"https:\/\/www.mladibl.com\/index.php?rest_route=\/wp\/v2\/posts"}],"about":[{"href":"https:\/\/www.mladibl.com\/index.php?rest_route=\/wp\/v2\/types\/post"}],"author":[{"embeddable":true,"href":"https:\/\/www.mladibl.com\/index.php?rest_route=\/wp\/v2\/users\/1"}],"replies":[{"embeddable":true,"href":"https:\/\/www.mladibl.com\/index.php?rest_route=%2Fwp%2Fv2%2Fcomments&post=49747"}],"version-history":[{"count":1,"href":"https:\/\/www.mladibl.com\/index.php?rest_route=\/wp\/v2\/posts\/49747\/revisions"}],"predecessor-version":[{"id":49748,"href":"https:\/\/www.mladibl.com\/index.php?rest_route=\/wp\/v2\/posts\/49747\/revisions\/49748"}],"wp:featuredmedia":[{"embeddable":true,"href":"https:\/\/www.mladibl.com\/index.php?rest_route=\/wp\/v2\/media\/49744"}],"wp:attachment":[{"href":"https:\/\/www.mladibl.com\/index.php?rest_route=%2Fwp%2Fv2%2Fmedia&parent=49747"}],"wp:term":[{"taxonomy":"category","embeddable":true,"href":"https:\/\/www.mladibl.com\/index.php?rest_route=%2Fwp%2Fv2%2Fcategories&post=49747"},{"taxonomy":"post_tag","embeddable":true,"href":"https:\/\/www.mladibl.com\/index.php?rest_route=%2Fwp%2Fv2%2Ftags&post=49747"}],"curies":[{"name":"wp","href":"https:\/\/api.w.org\/{rel}","templated":true}]}}