{"id":49736,"date":"2026-01-21T22:40:50","date_gmt":"2026-01-21T20:40:50","guid":{"rendered":"https:\/\/www.mladibl.com\/?p=49736"},"modified":"2026-01-21T22:40:56","modified_gmt":"2026-01-21T20:40:56","slug":"sve-je-spremno-za-jos-jedno-izdanje-svetosavskog-bala-milan-kalinic-specijalni-gost","status":"publish","type":"post","link":"https:\/\/www.mladibl.com\/?p=49736","title":{"rendered":"Sve je spremno za jo\u0161 jedno izdanje Svetosavskog bala: Milan Kalini\u0107 specijalni gost"},"content":{"rendered":"\n<hr class=\"wp-block-separator has-alpha-channel-opacity\"\/>\n\n\n\n<p>Banja Luka se priprema za deveti po redu Svetosavski bal, koji \u0107e biti odr\u017ean u petak, 23. januara u Koncertnoj dvorani Banskog dvora sa po\u010detkom u 19.00 \u010dasova.<br>Gradske igre, kola, starogradske pjesme i tradicionalne srpske melodije samo su dio programa koji je pripremljen za ovogodi\u0161nje izdanje bala, a specijalni gost bi\u0107e glumac Milan Kalini\u0107.<\/p>\n\n\n\n<p>Kako su poru\u010dili organizatori iz Kulturno-umjetni\u010dkog dru\u0161tva \u201eSveti Sava\u201c, rije\u010d je o kulturnoj manifestaciji koja je posve\u0107ena o\u010duvanju i njegovanju bogate tradicije predaka koja traje ve\u0107 nekoliko vijekova, \u010diju organizaciju podr\u017eava i Grad Banja Luka.<\/p>\n\n\n\n<p>\u201eSvetosavski bal se isti\u010de kao zna\u010dajna kulturna manifestacija koja pozicionira Banju Luku kao istaknutu kulturnu prijestonicu Balkana, poput Beograda ili Be\u010da. Iz godine u godinu nastojimo da osvje\u017eimo i obogatimo program. Ovogodi\u0161nji bal na sebi svojstven na\u010din u\u010dini\u0107e \u010darobnim glumac Milan Kalini\u0107, koji je specijalni gost\u201c, poru\u010duju iz ovog udru\u017eenja.<\/p>\n\n\n\n<p>Kako navode, ovaj doga\u0111aj predstavlja pravu priliku za posjetioce da budu dio bogate tradicije kroz raznovrstan program.<\/p>\n\n\n\n<p>\u201eProgram je pa\u017eljivo osmi\u0161ljen kako bi svima omogu\u0107io da u\u017eivaju u raznovrsnosti kulturnih sadr\u017eaja i aktivno se uklju\u010de, stvaraju\u0107i tako nezaboravnu atmosferu. Svi posjetioci su du\u017eni da po\u0161tuju dres kod, dame u duga\u010dkim haljinama, a mu\u0161karci u sve\u010danim odijelima\u201c, podsjetio je Jovani\u0107.<\/p>\n\n\n\n<p>Osim Kulturno-umjetni\u010dkog dru\u0161tva \u201eSveti Sava\u201c, u programu \u0107e u\u010destvovati i studenti Akademije umjetnosti iz Banjaluke \u2013 ansambl harmonika, Klub ljubitelja istorijskog plesa iz Beograda, ANIP \u201eVeselin Masle\u0161a\u201c, \u010dlanovi KUD-a \u201ePiskavica\u201c, KUD-a \u201e\u010cajavec\u201c i RKUD-a \u201ePelagi\u0107\u201c.<\/p>\n\n\n\n<p>Podsje\u0107amo, pro\u0161le godine specijalni gost bala bila je glumica Mina Lazarevi\u0107, koja je svojim nastupom upotpunila bogat kulturno-umjetni\u010dki program.<\/p>\n\n\n\n<p>Preuzeto sa: <a href=\"https:\/\/www.banjaluka.rs.ba\/sve-je-spremno-za-jos-jedno-izdanje-svet\/\" target=\"_blank\" rel=\"noreferrer noopener\">banjaluka.rs.ba<\/a><\/p>\n","protected":false},"excerpt":{"rendered":"<p>Banja Luka se priprema za deveti po redu Svetosavski bal, koji \u0107e biti odr\u017ean u petak, 23. januara u Koncertnoj<\/p>\n","protected":false},"author":1,"featured_media":49745,"comment_status":"closed","ping_status":"open","sticky":false,"template":"","format":"standard","meta":{"om_disable_all_campaigns":false,"_monsterinsights_skip_tracking":false,"_monsterinsights_sitenote_active":false,"_monsterinsights_sitenote_note":"","_monsterinsights_sitenote_category":0,"footnotes":""},"categories":[2],"tags":[881,13726],"class_list":["post-49736","post","type-post","status-publish","format-standard","has-post-thumbnail","hentry","category-vijesti","tag-banski-dvor","tag-svetosavski-bal"],"jetpack_featured_media_url":"https:\/\/www.mladibl.com\/wp-content\/uploads\/2026\/01\/Sve-je-spremno-za-jos-jedno-izdanje-Svetosavskog-bala_-Milan-Kalinic-specijalni-gost.jpg","amp_enabled":true,"_links":{"self":[{"href":"https:\/\/www.mladibl.com\/index.php?rest_route=\/wp\/v2\/posts\/49736","targetHints":{"allow":["GET"]}}],"collection":[{"href":"https:\/\/www.mladibl.com\/index.php?rest_route=\/wp\/v2\/posts"}],"about":[{"href":"https:\/\/www.mladibl.com\/index.php?rest_route=\/wp\/v2\/types\/post"}],"author":[{"embeddable":true,"href":"https:\/\/www.mladibl.com\/index.php?rest_route=\/wp\/v2\/users\/1"}],"replies":[{"embeddable":true,"href":"https:\/\/www.mladibl.com\/index.php?rest_route=%2Fwp%2Fv2%2Fcomments&post=49736"}],"version-history":[{"count":1,"href":"https:\/\/www.mladibl.com\/index.php?rest_route=\/wp\/v2\/posts\/49736\/revisions"}],"predecessor-version":[{"id":49746,"href":"https:\/\/www.mladibl.com\/index.php?rest_route=\/wp\/v2\/posts\/49736\/revisions\/49746"}],"wp:featuredmedia":[{"embeddable":true,"href":"https:\/\/www.mladibl.com\/index.php?rest_route=\/wp\/v2\/media\/49745"}],"wp:attachment":[{"href":"https:\/\/www.mladibl.com\/index.php?rest_route=%2Fwp%2Fv2%2Fmedia&parent=49736"}],"wp:term":[{"taxonomy":"category","embeddable":true,"href":"https:\/\/www.mladibl.com\/index.php?rest_route=%2Fwp%2Fv2%2Fcategories&post=49736"},{"taxonomy":"post_tag","embeddable":true,"href":"https:\/\/www.mladibl.com\/index.php?rest_route=%2Fwp%2Fv2%2Ftags&post=49736"}],"curies":[{"name":"wp","href":"https:\/\/api.w.org\/{rel}","templated":true}]}}