{"id":49692,"date":"2026-01-19T23:37:15","date_gmt":"2026-01-19T21:37:15","guid":{"rendered":"https:\/\/www.mladibl.com\/?p=49692"},"modified":"2026-01-19T23:37:21","modified_gmt":"2026-01-19T21:37:21","slug":"javni-poziv-vrijeme-za-dijalog-podrska-institucijama-za-rad-s-mladima","status":"publish","type":"post","link":"https:\/\/www.mladibl.com\/?p=49692","title":{"rendered":"Javni poziv: &#8220;Vrijeme za dijalog&#8221; \u2013 podr\u0161ka institucijama za rad s mladima"},"content":{"rendered":"\n<p><strong>POZADINA JAVNOG POZIVA<\/strong><\/p>\n\n\n\n<p>Dijalog mladih i vlasti predstavlja proces konsultacija koji osigurava da mi\u0161ljenja, stavovi i preporuke mladih budu va\u017ean dio dono\u0161enja odluka i oblikovanja politika koje ih se direktno ti\u010du.<\/p>\n\n\n\n<p>Prema Strategiji Evropske unije za mlade 2019 \u2013 2027, \u201cEU Youth Dialogue\u201d ili \u201cDijalog s mladima u Evropskoj uniji\u201d je mehanizam saradnje izme\u0111u mladih ljudi, organizacija mladih i donosilaca odluka, koji uklju\u010duju i stru\u010dnjake, istra\u017eiva\u010de i druge relevantne aktere iz civilnog dru\u0161tva, s ciljem da se mi\u0161ljenja, potrebe i stavovi mladih uzmu u razmatranje prilikom kreiranja mladih politika u EU.<\/p>\n\n\n\n<p>Su\u0161tina Dijaloga je u zajedni\u010dkom promi\u0161ljanju, okupljanju mladih, predstavnika institucija i organizacija kako bi zajedno razvijali rje\u0161enja i politike koje zaista odgovaraju stvarnim potrebama mladih ljudi. Tokom procesa, mladi i donosioci odluka razmjenjuju mi\u0161ljenja, postavljaju pitanja o odabranoj temi, prikupljaju stavove i zajedni\u010dki oblikuju prijedloge. Kona\u010dne preporuke proiza\u0161le iz Dijaloga potom postaju temelj za razvoj konkretnih politika prema mladima.<\/p>\n\n\n\n<p>Na ovaj na\u010din, mladi imaju priliku da direktno utje\u010du na odluke koje se ti\u010du njihovog \u017eivota, dok institucije dobijaju dragocjen uvid u stvarne potrebe i prioritete mladih. Va\u017eno je da mladi jasno razumiju koliki utjecaj mogu ostvariti u ovom procesu kao izvor novih ideja, predstavnici svojih vr\u0161njaka i ravnopravni partneri u odlu\u010divanju. Dijalozi doprinose otvorenijem, smislenijem i u\u010dinkovitijem odnosu izme\u0111u mladih i vlasti.<\/p>\n\n\n\n<p>Javni poziv Instituta za razvoj mladih KULT (u daljem tekstu Institut) se objavljuje u okviru projekta \u201cSmislimo, kreirajmo i usvojimo politike prema mladima\u201d kojeg finansira Evropska unija a implementira Institut u partnerstvu sa Regionalnom kancelarijom za saradnju mladih (RYCO), Vije\u0107em mladih Federacije BiH, Mre\u017eom omladinskih centara za animiranje, razvoj i trening Republike Srpske (M.O.C.A.R.T.) i Asocijacijom srednjo\u0161kolaca u BiH.<\/p>\n\n\n\n<p><strong>CILJ JAVNOG POZIVA<\/strong><\/p>\n\n\n\n<p>Cilj javnog poziva je da se institucijama vlasti na lokalnom, kantonalnom, entitetskom, nivou Br\u010dko distrikta BiH i dr\u017eavnom nivou omogu\u0107i da, u saradnji s omladinskim organizacijama ili organizacijama koje rade s mladima, realiziraju <strong>dijalog mladih i vlasti u svojoj zajednici<\/strong>. Dijalog ima za svrhu pru\u017eiti priliku ve\u0107em broju mladih da se aktivno uklju\u010de u procese dono\u0161enja odluka, te osigurati ve\u0107u podr\u0161ku donosiocima odluka na svim nivoima vlasti u razumijevanju potreba i prioriteta mladih.<\/p>\n\n\n\n<p>Jedna od svrha Dijaloga je poja\u010dati legitimitet i relevantnost mjera usmjerenih na mlade radi bolje uskla\u0111enosti sa realnim potrebama, a posebno je va\u017ean za mlade koji imaju manje mogu\u0107nosti za u\u010de\u0161\u0107e (mladi iz ruralnih podru\u010dja, mladi s pote\u0161ko\u0107ama, mladi iz marginaliziranih skupina).<\/p>\n\n\n\n<p>Poziv je dio \u0161ire inicijative kojom se poti\u010de uspostavljanje odr\u017eivih mehanizama dijaloga izme\u0111u mladih i vlasti na svim nivoima, s ciljem izgradnje politika koje nastaju u saradnji s mladima, a ne samo za mlade.<\/p>\n\n\n\n<p><strong>KO SE MO\u017dE PRIJAVITI?<\/strong><\/p>\n\n\n\n<p>Na Javni poziv mogu se prijaviti institucije vlasti na lokalnom, kantonalnom, entitetskom i dr\u017eavnom nivou, samostalno ili u partnerstvu sa omladinskim organizacijama ili organizacijama koje rade sa mladima.<\/p>\n\n\n\n<p><strong>\u0160TA SE NUDI INSTITUCIJAMA?<\/strong><\/p>\n\n\n\n<p>Institucijama koje budu odabrane u okviru ovog Javnog poziva, Institut \u0107e osigurati sljede\u0107e:<\/p>\n\n\n\n<ul class=\"wp-block-list\">\n<li>metodologiju za provedbu Dijaloga mladih i vlasti,<\/li>\n\n\n\n<li>stru\u010dnu podr\u0161ku u planiranju i fasilitaciji dijaloga,<\/li>\n\n\n\n<li>pomo\u0107 u bilje\u017eenju i pripremi zaklju\u010daka dijaloga,<\/li>\n\n\n\n<li>pokrivanje tro\u0161kova osvje\u017eenja za u\u010desnike dijaloga.<\/li>\n<\/ul>\n\n\n\n<p><strong>O\u010cEKIVANI REZULTAT<\/strong><\/p>\n\n\n\n<p>Kao rezultat svakog organiziranog dijaloga, o\u010dekuje se izrada jednog i vi\u0161e konkretnih zaklju\u010daka ili preporuka, koji \u0107e biti podneseni nadle\u017enom tijelu jedinice samouprave ili instituciji vlasti na razmatranje i usvajanje.<\/p>\n\n\n\n<p><strong>KAKO SE PRIJAVITI?<\/strong><\/p>\n\n\n\n<p>Prijavu na Javni poziv vr\u0161ite popunjavanjem online obrasca putem <a href=\"https:\/\/app.smartsheet.com\/b\/form\/fa95873fdaae4c8482be15ff0bcda0d8\" target=\"_blank\" rel=\"noreferrer noopener\">OVOG LINKA<\/a> najkasnije do 27.februara 2026. godine.<\/p>\n\n\n\n<p><strong>ISHOD PRIJAVE<\/strong><\/p>\n\n\n\n<p>Prijave \u0107e biti razmatrane odmah nakon \u0161to budu zaprimljene od strane institucija, a neovisno o krajnjem datumu za prijave. Institucije \u010dije prijave budu ocijenjene pozitivno \u0107e biti kontaktirane najkasnije 14 radnih dana od dana zaprimanja prijave kako bi planirali po\u010detak aktivnosti.<\/p>\n\n\n\n<p><strong>TEHNI\u010cKE INFORMACIJE<\/strong><\/p>\n\n\n\n<p>Ukoliko imate bilo kakvih pitanja u vezi sa Javnim pozivom, mo\u017eete nam se pridru\u017eiti na neku od dvije online informativne sesije:<\/p>\n\n\n\n<ul class=\"wp-block-list\">\n<li>29. januara 2026. u 13.30 sati (<a href=\"https:\/\/us06web.zoom.us\/meeting\/register\/gw9Apn6IQyujusnTtwFwGA\" target=\"_blank\" rel=\"noreferrer noopener\">ZOOM LINK<\/a>) i<\/li>\n\n\n\n<li>17. februara 2026. u 13.30 sati (<a href=\"https:\/\/us06web.zoom.us\/meeting\/register\/jjM5u5KvQFSzrcatd9A0Sw\" target=\"_blank\" rel=\"noreferrer noopener\">ZOOM LINK<\/a>).<\/li>\n<\/ul>\n\n\n\n<p>Dodatne informacije o uslovima za apliciranje za grantove i Javnom pozivu mo\u017eete dobiti i putem maila <a href=\"mailto:amina.sadikovic@mladi.org\">amina.sadikovic@mladi.org<\/a> (subject\/predmet: UPIT O JAVNOM POZIVU \u2013 \u201cVrijeme za dijalog\u201d \u2013 podr\u0161ka institucijama za rad s mladima) ili broja telefona 033 778 768.<\/p>\n\n\n\n<p>Vi\u0161e informacija i prijave: <a href=\"https:\/\/mladi.org\/vrijeme-za-dijalog\/\" target=\"_blank\" rel=\"noreferrer noopener\">mladi.org<\/a><\/p>\n","protected":false},"excerpt":{"rendered":"<p>POZADINA JAVNOG POZIVA Dijalog mladih i vlasti predstavlja proces konsultacija koji osigurava da mi\u0161ljenja, stavovi i preporuke mladih budu va\u017ean<\/p>\n","protected":false},"author":1,"featured_media":49680,"comment_status":"closed","ping_status":"open","sticky":false,"template":"","format":"standard","meta":{"om_disable_all_campaigns":false,"_monsterinsights_skip_tracking":false,"_monsterinsights_sitenote_active":false,"_monsterinsights_sitenote_note":"","_monsterinsights_sitenote_category":0,"footnotes":""},"categories":[6],"tags":[75,33,526,14824],"class_list":["post-49692","post","type-post","status-publish","format-standard","has-post-thumbnail","hentry","category-dogadjaji","tag-institucije","tag-mladi","tag-podrska","tag-vrijeme-za-dijalog"],"jetpack_featured_media_url":"https:\/\/www.mladibl.com\/wp-content\/uploads\/2026\/01\/Javni-poziv_-Vrijeme-za-dijalog-\u2013-podrska-institucijama-za-rad-s-mladima.jpg","amp_enabled":true,"_links":{"self":[{"href":"https:\/\/www.mladibl.com\/index.php?rest_route=\/wp\/v2\/posts\/49692","targetHints":{"allow":["GET"]}}],"collection":[{"href":"https:\/\/www.mladibl.com\/index.php?rest_route=\/wp\/v2\/posts"}],"about":[{"href":"https:\/\/www.mladibl.com\/index.php?rest_route=\/wp\/v2\/types\/post"}],"author":[{"embeddable":true,"href":"https:\/\/www.mladibl.com\/index.php?rest_route=\/wp\/v2\/users\/1"}],"replies":[{"embeddable":true,"href":"https:\/\/www.mladibl.com\/index.php?rest_route=%2Fwp%2Fv2%2Fcomments&post=49692"}],"version-history":[{"count":1,"href":"https:\/\/www.mladibl.com\/index.php?rest_route=\/wp\/v2\/posts\/49692\/revisions"}],"predecessor-version":[{"id":49693,"href":"https:\/\/www.mladibl.com\/index.php?rest_route=\/wp\/v2\/posts\/49692\/revisions\/49693"}],"wp:featuredmedia":[{"embeddable":true,"href":"https:\/\/www.mladibl.com\/index.php?rest_route=\/wp\/v2\/media\/49680"}],"wp:attachment":[{"href":"https:\/\/www.mladibl.com\/index.php?rest_route=%2Fwp%2Fv2%2Fmedia&parent=49692"}],"wp:term":[{"taxonomy":"category","embeddable":true,"href":"https:\/\/www.mladibl.com\/index.php?rest_route=%2Fwp%2Fv2%2Fcategories&post=49692"},{"taxonomy":"post_tag","embeddable":true,"href":"https:\/\/www.mladibl.com\/index.php?rest_route=%2Fwp%2Fv2%2Ftags&post=49692"}],"curies":[{"name":"wp","href":"https:\/\/api.w.org\/{rel}","templated":true}]}}