{"id":49605,"date":"2026-01-15T22:18:52","date_gmt":"2026-01-15T20:18:52","guid":{"rendered":"https:\/\/www.mladibl.com\/?p=49605"},"modified":"2026-01-15T22:18:58","modified_gmt":"2026-01-15T20:18:58","slug":"petak-u-kuci-milanovica-novogodisnji-koncert-gudackog-kvarteta-la-boheme","status":"publish","type":"post","link":"https:\/\/www.mladibl.com\/?p=49605","title":{"rendered":"Petak u Ku\u0107i Milanovi\u0107a: Novogodi\u0161nji koncert guda\u010dkog kvarteta \u201eLa Boh\u00e8me\u201c"},"content":{"rendered":"\n<hr class=\"wp-block-separator has-alpha-channel-opacity\"\/>\n\n\n\n<p>U Ku\u0107i Milanovi\u0107a, u petak 16. januara sa po\u010detkom od 19.00 \u010dasova bi\u0107e odr\u017ean novogodi\u0161nji koncert guda\u010dkog kvarteta \u201eLa Boh\u00e8me\u201c.<\/p>\n\n\n\n<p>-Na programu koncerta na\u0107i \u0107e se najpoznatiji be\u010dki valceri, kao i odabrani stavovi iz svite baleta \u201eKrcko Ora\u0161\u010di\u0107\u201c \u2013 navedeno je u saop\u0161tenju.<\/p>\n\n\n\n<p>&nbsp;Svi zainteresovani zasigurno \u0107e u\u017eivati u programu koji ih o\u010dekuje.&nbsp;<\/p>\n\n\n\n<figure class=\"wp-block-image size-large\"><img loading=\"lazy\" decoding=\"async\" width=\"724\" height=\"1024\" src=\"http:\/\/www.mladibl.com\/wp-content\/uploads\/2026\/01\/Petak-u-Kuci-Milanovica_-Novogodisnji-koncert-gudackog-kvarteta-\u201eLa-Boheme-724x1024.jpg\" alt=\"Petak u Ku\u0107i Milanovi\u0107a: Novogodi\u0161nji koncert guda\u010dkog kvarteta \u201eLa Boh\u00e8me\u201c\" class=\"wp-image-49617\" srcset=\"https:\/\/www.mladibl.com\/wp-content\/uploads\/2026\/01\/Petak-u-Kuci-Milanovica_-Novogodisnji-koncert-gudackog-kvarteta-\u201eLa-Boheme-724x1024.jpg 724w, https:\/\/www.mladibl.com\/wp-content\/uploads\/2026\/01\/Petak-u-Kuci-Milanovica_-Novogodisnji-koncert-gudackog-kvarteta-\u201eLa-Boheme-212x300.jpg 212w, https:\/\/www.mladibl.com\/wp-content\/uploads\/2026\/01\/Petak-u-Kuci-Milanovica_-Novogodisnji-koncert-gudackog-kvarteta-\u201eLa-Boheme-768x1086.jpg 768w, https:\/\/www.mladibl.com\/wp-content\/uploads\/2026\/01\/Petak-u-Kuci-Milanovica_-Novogodisnji-koncert-gudackog-kvarteta-\u201eLa-Boheme.jpg 800w\" sizes=\"auto, (max-width: 724px) 100vw, 724px\" \/><\/figure>\n\n\n\n<p>Preuzeto sa: <a href=\"https:\/\/www.banjaluka.rs.ba\/petak-u-kuci-milanovica-novogodisnji-k\/\" target=\"_blank\" rel=\"noreferrer noopener\">banjaluka.rs.ba<\/a><\/p>\n","protected":false},"excerpt":{"rendered":"<p>U Ku\u0107i Milanovi\u0107a, u petak 16. januara sa po\u010detkom od 19.00 \u010dasova bi\u0107e odr\u017ean novogodi\u0161nji koncert guda\u010dkog kvarteta \u201eLa Boh\u00e8me\u201c.<\/p>\n","protected":false},"author":1,"featured_media":49617,"comment_status":"closed","ping_status":"open","sticky":false,"template":"","format":"standard","meta":{"om_disable_all_campaigns":false,"_monsterinsights_skip_tracking":false,"_monsterinsights_sitenote_active":false,"_monsterinsights_sitenote_note":"","_monsterinsights_sitenote_category":0,"footnotes":""},"categories":[2],"tags":[14812,3536,10065,14811],"class_list":["post-49605","post","type-post","status-publish","format-standard","has-post-thumbnail","hentry","category-vijesti","tag-gudacki-kvartet","tag-koncert","tag-kuca-milanovica","tag-la-boheme"],"jetpack_featured_media_url":"https:\/\/www.mladibl.com\/wp-content\/uploads\/2026\/01\/Petak-u-Kuci-Milanovica_-Novogodisnji-koncert-gudackog-kvarteta-\u201eLa-Boheme.jpg","amp_enabled":true,"_links":{"self":[{"href":"https:\/\/www.mladibl.com\/index.php?rest_route=\/wp\/v2\/posts\/49605","targetHints":{"allow":["GET"]}}],"collection":[{"href":"https:\/\/www.mladibl.com\/index.php?rest_route=\/wp\/v2\/posts"}],"about":[{"href":"https:\/\/www.mladibl.com\/index.php?rest_route=\/wp\/v2\/types\/post"}],"author":[{"embeddable":true,"href":"https:\/\/www.mladibl.com\/index.php?rest_route=\/wp\/v2\/users\/1"}],"replies":[{"embeddable":true,"href":"https:\/\/www.mladibl.com\/index.php?rest_route=%2Fwp%2Fv2%2Fcomments&post=49605"}],"version-history":[{"count":1,"href":"https:\/\/www.mladibl.com\/index.php?rest_route=\/wp\/v2\/posts\/49605\/revisions"}],"predecessor-version":[{"id":49618,"href":"https:\/\/www.mladibl.com\/index.php?rest_route=\/wp\/v2\/posts\/49605\/revisions\/49618"}],"wp:featuredmedia":[{"embeddable":true,"href":"https:\/\/www.mladibl.com\/index.php?rest_route=\/wp\/v2\/media\/49617"}],"wp:attachment":[{"href":"https:\/\/www.mladibl.com\/index.php?rest_route=%2Fwp%2Fv2%2Fmedia&parent=49605"}],"wp:term":[{"taxonomy":"category","embeddable":true,"href":"https:\/\/www.mladibl.com\/index.php?rest_route=%2Fwp%2Fv2%2Fcategories&post=49605"},{"taxonomy":"post_tag","embeddable":true,"href":"https:\/\/www.mladibl.com\/index.php?rest_route=%2Fwp%2Fv2%2Ftags&post=49605"}],"curies":[{"name":"wp","href":"https:\/\/api.w.org\/{rel}","templated":true}]}}