{"id":49122,"date":"2025-12-15T21:36:41","date_gmt":"2025-12-15T19:36:41","guid":{"rendered":"https:\/\/www.mladibl.com\/?p=49122"},"modified":"2025-12-15T21:36:47","modified_gmt":"2025-12-15T19:36:47","slug":"objavljena-preliminarna-rang-lista-za-dodjelu-stipendija-redovnim-studentima","status":"publish","type":"post","link":"https:\/\/www.mladibl.com\/?p=49122","title":{"rendered":"Objavljena preliminarna rang-lista za dodjelu stipendija redovnim studentima"},"content":{"rendered":"\n<p>prvog ciklusa studija na univerzitetima u Srpskoj, BiH i visoko\u0161kolskim ustanovama u inostranstvu, za akademsku 2025\/2026. godinu<\/p>\n\n\n\n<p>\u200bNa konkurs Ministarstva za nau\u010dnotehnolo\u0161ki razvoj i visoko obrazovanje Republike Srpske, Fonda \u201eDr Milan Jeli\u0107&#8221;, za dodjelu stipendija redovnim studentima I ciklusa studija na univerzitetima u Republici Srpskoj, BiH i visoko\u0161kolskim ustanovama u inostranstvu, za akademsku 2025\/2026. godinu, pristiglo je ukupno 202 prijave od \u010dega su 192 prijave zadovoljilo uslove propisane konkursom.<\/p>\n\n\n\n<p>Studentima I ciklusa studija koji studiraju na javnim univerzitetima u Republici Srpskoj i Bosni i Hercegovini bi\u0107e dodijeljeno, prema preliminarnoj rang-listi, 65 godi\u0161njih stipendija u iznosu od po 400,00 KM za teku\u0107u akademsku godinu od ukupno 129&nbsp; prijava koje su zadovoljile uslove konkursa.<\/p>\n\n\n\n<p>Studentima I ciklusa studija koji studiraju na visoko\u0161kolskim ustanovama u inostranstvu bi\u0107e dodijeljena, prema preliminarnoj rang-listi, 31 godi\u0161nja stipendija u iznosu od po 500,00 KM &nbsp;i devet godi\u0161njih stipendija u iznosu od po 800,00KM za teku\u0107u akademsku godinu od ukupno 50 prijava koje su zadovoljile uslove konkursa.<\/p>\n\n\n\n<p>Studentima I ciklusa studija koji ne studiraju na javnim univerzitetima u Republici Srpskoj i BiH bi\u0107e dodijeljeno, prema preliminarnoj rang-listi, sedam godi\u0161njih stipendija u iznosu od po 400,00 KM za teku\u0107u akademsku godinu od ukupno 13&nbsp; prijava koje su zadovoljile uslove konkursa.<\/p>\n\n\n\n<p>Dobitnici stipendije Fonda \u201eDr Milan Jeli\u0107&#8221; za teku\u0107u akademsku 2025\/2026. godinu uspje\u0161ni su studenti presti\u017enih univerziteta <em>Princeton University, University of Vienna <\/em><em>i <\/em><em>University of Florida<\/em>.<\/p>\n\n\n\n<p>Preliminarnu rang-listu studenata I ciklusa studija koji studiraju na javnim univerzitetima u Republici Srpskoj, BiH i visoko\u0161kolskim ustanovama u inostranstvu mo\u017eete pogledati <a href=\"https:\/\/fondmilanjelic.org\/liste\/lista\/14\">ovdje<\/a><\/p>\n\n\n\n<p>Preliminarnu rang-listu studenata I ciklusa studija koji ne studiraju na javnim univerzitetima u Republici Srpskoj, BiH mo\u017eete pogledati <a href=\"https:\/\/fondmilanjelic.org\/liste\/lista\/15\">ovdje<\/a><\/p>\n\n\n\n<p>Svi studenti koji su konkurisali za dodjelu stipendije imaju pravo prigovora Komisiji na preliminarnu rang-listu do 21. decembra 2025. godine. Prigovori se mogu podnijeti putem email adrese Fonda: fondmilanjelic@mnv.vladars.rs. Detaljnije informacije mo\u017eete dobiti putem navedene email adrese, kao i na kontakt telefon: 051\/338-915.&nbsp;<\/p>\n\n\n\n<p>Pregled bodovanih rezultata studenata I ciklusa studija mo\u017eete vidjeti <a href=\"https:\/\/www.fondmilanjelic.org\/assets\/upload\/1_Ostvareni_rezultati_u_nauci_i_umjetnosti_I_ciklus_2025-2026_preliminarna.pdf\">ovdje<\/a><\/p>\n\n\n\n<p>Preuzeto sa: <a href=\"https:\/\/vladars.rs\/sr-SP-Cyrl\/Vlada\/Ministarstva\/mnk\/media\/vijesti\/Pages\/%D0%BF%D1%80%D0%B5%D0%BB%D0%B8%D0%BC%D0%B8%D0%BD%D0%B0%D1%80%D0%BD%D0%B0,-%D1%81%D1%82%D0%B8%D0%BF%D0%B5%D0%BD%D0%B4%D0%B8%D1%98%D0%B5-%D0%A4%D0%BE%D0%BD%D0%B4%D0%B0-%D0%9C.%D0%88.-%D0%BF%D1%80%D0%B2%D0%B8-%D1%86%D0%B8%D0%BA%D0%BB%D1%83%D1%81.aspx\" target=\"_blank\" rel=\"noreferrer noopener\">vladars.rs<\/a><\/p>\n","protected":false},"excerpt":{"rendered":"<p>prvog ciklusa studija na univerzitetima u Srpskoj, BiH i visoko\u0161kolskim ustanovama u inostranstvu, za akademsku 2025\/2026. godinu \u200bNa konkurs Ministarstva<\/p>\n","protected":false},"author":1,"featured_media":49110,"comment_status":"closed","ping_status":"open","sticky":false,"template":"","format":"standard","meta":{"om_disable_all_campaigns":false,"_monsterinsights_skip_tracking":false,"_monsterinsights_sitenote_active":false,"_monsterinsights_sitenote_note":"","_monsterinsights_sitenote_category":0,"footnotes":""},"categories":[2],"tags":[7837,822,60,62],"class_list":["post-49122","post","type-post","status-publish","format-standard","has-post-thumbnail","hentry","category-vijesti","tag-preliminarna","tag-rang-lista","tag-stipendije","tag-studenti"],"jetpack_featured_media_url":"https:\/\/www.mladibl.com\/wp-content\/uploads\/2025\/12\/Fond-dr-Milan-Jelic.jpg","amp_enabled":true,"_links":{"self":[{"href":"https:\/\/www.mladibl.com\/index.php?rest_route=\/wp\/v2\/posts\/49122","targetHints":{"allow":["GET"]}}],"collection":[{"href":"https:\/\/www.mladibl.com\/index.php?rest_route=\/wp\/v2\/posts"}],"about":[{"href":"https:\/\/www.mladibl.com\/index.php?rest_route=\/wp\/v2\/types\/post"}],"author":[{"embeddable":true,"href":"https:\/\/www.mladibl.com\/index.php?rest_route=\/wp\/v2\/users\/1"}],"replies":[{"embeddable":true,"href":"https:\/\/www.mladibl.com\/index.php?rest_route=%2Fwp%2Fv2%2Fcomments&post=49122"}],"version-history":[{"count":1,"href":"https:\/\/www.mladibl.com\/index.php?rest_route=\/wp\/v2\/posts\/49122\/revisions"}],"predecessor-version":[{"id":49123,"href":"https:\/\/www.mladibl.com\/index.php?rest_route=\/wp\/v2\/posts\/49122\/revisions\/49123"}],"wp:featuredmedia":[{"embeddable":true,"href":"https:\/\/www.mladibl.com\/index.php?rest_route=\/wp\/v2\/media\/49110"}],"wp:attachment":[{"href":"https:\/\/www.mladibl.com\/index.php?rest_route=%2Fwp%2Fv2%2Fmedia&parent=49122"}],"wp:term":[{"taxonomy":"category","embeddable":true,"href":"https:\/\/www.mladibl.com\/index.php?rest_route=%2Fwp%2Fv2%2Fcategories&post=49122"},{"taxonomy":"post_tag","embeddable":true,"href":"https:\/\/www.mladibl.com\/index.php?rest_route=%2Fwp%2Fv2%2Ftags&post=49122"}],"curies":[{"name":"wp","href":"https:\/\/api.w.org\/{rel}","templated":true}]}}