{"id":49118,"date":"2025-12-15T21:32:14","date_gmt":"2025-12-15T19:32:14","guid":{"rendered":"https:\/\/www.mladibl.com\/?p=49118"},"modified":"2025-12-15T21:32:20","modified_gmt":"2025-12-15T19:32:20","slug":"mensa-bosne-i-hercegovine-obiljezava-20-godina-postojanja","status":"publish","type":"post","link":"https:\/\/www.mladibl.com\/?p=49118","title":{"rendered":"Mensa Bosne i Hercegovine obilje\u017eava 20 godina postojanja"},"content":{"rendered":"\n<p>Mensa Bosne i Hercegovine sa ponosom obilje\u017eava 20. godi\u0161njicu od osnivanja, potvr\u0111uju\u0107i svoju ulogu jedne od najzna\u010dajnijih organizacija u zemlji koja okuplja osobe s visokim kvocijentom inteligencije. Zvani\u010dno osnovana u aprilu 2005. godine, Mensa BiH je od tada izrasla u zajednicu koja danas broji preko 250 aktivnih \u010dlanova, a broj se kontinuirano pove\u0107ava zahvaljuju\u0107i redovnim testiranjima.<\/p>\n\n\n\n<p>Prvo testiranje u Bosni i Hercegovini odr\u017eano je ve\u0107 2000. godine, dok se od 2016. godine odr\u017eavaju redovnija testiranja na kojima je hiljade gra\u0111ana imalo priliku provjeriti svoj potencijal. Mensa BiH organizuje standardizirana testiranja inteligencije u razli\u010ditim gradovima, uklju\u010duju\u0107i Sarajevo, Banju Luku, Mostar, Tuzlu, Zenicu, Trebinje, kao i druge gradove, \u010dime se omogu\u0107ava pristup svim zainteresovanim gra\u0111anima. Testiranja su otvorena za sve osobe starije od 17 godina, a rezultati se vrednuju prema me\u0111unarodnim standardima. Oni koji postignu rezultat u gornjih 2% populacije sti\u010du pravo na \u010dlanstvo.<\/p>\n\n\n\n<p>Me\u0111unarodni status i zna\u010daj<\/p>\n\n\n\n<p>U junu 2022. godine, Mensa BiH je postala punopravni \u010dlan Me\u0111unarodne Mense (Full National Mensa), \u010dime je dobila pravo glasa u dono\u0161enju odluka na globalnom nivou. Ovaj status potvr\u0111uje da Mensa BiH nije samo lokalna organizacija, ve\u0107 i aktivni u\u010desnik u me\u0111unarodnoj mre\u017ei koja broji preko 140.000 \u010dlanova \u0161irom svijeta.<\/p>\n\n\n\n<p>Aktivnosti i doprinos dru\u0161tvu<\/p>\n\n\n\n<p>Mensa BiH kroz svoje Specijalne interesne grupe (SIG-ove) promovi\u0161e nauku, podr\u017eava darovite u\u010denike i studente, te organizuje razli\u010dite edukativne i dru\u0161tvene aktivnosti. Poseban fokus stavlja na podr\u0161ku mladima i razvoj njihovih potencijala, kao i na \u0161irenje svijesti o zna\u010daju inteligencije u dru\u0161tvu.<\/p>\n\n\n\n<p>Jubilej \u2013 20 godina uspjeha<\/p>\n\n\n\n<p>Dvadeset godina postojanja Mense BiH obilje\u017eava se nizom aktivnosti, uklju\u010duju\u0107i sve\u010dani banket i promociju rada organizacije u subotu 20.12.2025. godine u hotelu Courtyard by Marriott, od 16:00 do 19:00 sati, uz obra\u0107anje osniva\u010da i video obra\u0107anje Direktorice Mense International, u\u010de\u0161\u0107e predstavnika iz regije i jo\u0161 mnogo iznena\u0111enja. Ovaj jubilej je prilika da se istakne zna\u010daj Mense BiH u afirmaciji znanja, darovitosti i intelektualnog potencijala gra\u0111ana Bosne i Hercegovine.<\/p>\n\n\n\n<p>Mensa BiH ve\u0107 dvije decenije uspje\u0161no okuplja najinteligentnije pojedince u zemlji, promovi\u0161e nauku i obrazovanje, te doprinosi me\u0111unarodnoj zajednici. Ovaj jubilej je dokaz da Bosna i Hercegovina ima sna\u017enu i aktivnu zajednicu koja njeguje vrijednosti kojima se stavlja naglasak na znanje i intelektualni razvoj.<\/p>\n\n\n\n<p>Izvor: Saop\u0161tenje<\/p>\n","protected":false},"excerpt":{"rendered":"<p>Mensa Bosne i Hercegovine sa ponosom obilje\u017eava 20. godi\u0161njicu od osnivanja, potvr\u0111uju\u0107i svoju ulogu jedne od najzna\u010dajnijih organizacija u zemlji<\/p>\n","protected":false},"author":1,"featured_media":49112,"comment_status":"closed","ping_status":"open","sticky":false,"template":"","format":"standard","meta":{"om_disable_all_campaigns":false,"_monsterinsights_skip_tracking":false,"_monsterinsights_sitenote_active":false,"_monsterinsights_sitenote_note":"","_monsterinsights_sitenote_category":0,"footnotes":""},"categories":[2],"tags":[1890,1914,9446],"class_list":["post-49118","post","type-post","status-publish","format-standard","has-post-thumbnail","hentry","category-vijesti","tag-godisnjica","tag-jubilej","tag-mensa"],"jetpack_featured_media_url":"https:\/\/www.mladibl.com\/wp-content\/uploads\/2025\/12\/Mensa-Bosne-i-Hercegovine-obiljezava-20-godina-postojanja.jpg","amp_enabled":true,"_links":{"self":[{"href":"https:\/\/www.mladibl.com\/index.php?rest_route=\/wp\/v2\/posts\/49118","targetHints":{"allow":["GET"]}}],"collection":[{"href":"https:\/\/www.mladibl.com\/index.php?rest_route=\/wp\/v2\/posts"}],"about":[{"href":"https:\/\/www.mladibl.com\/index.php?rest_route=\/wp\/v2\/types\/post"}],"author":[{"embeddable":true,"href":"https:\/\/www.mladibl.com\/index.php?rest_route=\/wp\/v2\/users\/1"}],"replies":[{"embeddable":true,"href":"https:\/\/www.mladibl.com\/index.php?rest_route=%2Fwp%2Fv2%2Fcomments&post=49118"}],"version-history":[{"count":1,"href":"https:\/\/www.mladibl.com\/index.php?rest_route=\/wp\/v2\/posts\/49118\/revisions"}],"predecessor-version":[{"id":49119,"href":"https:\/\/www.mladibl.com\/index.php?rest_route=\/wp\/v2\/posts\/49118\/revisions\/49119"}],"wp:featuredmedia":[{"embeddable":true,"href":"https:\/\/www.mladibl.com\/index.php?rest_route=\/wp\/v2\/media\/49112"}],"wp:attachment":[{"href":"https:\/\/www.mladibl.com\/index.php?rest_route=%2Fwp%2Fv2%2Fmedia&parent=49118"}],"wp:term":[{"taxonomy":"category","embeddable":true,"href":"https:\/\/www.mladibl.com\/index.php?rest_route=%2Fwp%2Fv2%2Fcategories&post=49118"},{"taxonomy":"post_tag","embeddable":true,"href":"https:\/\/www.mladibl.com\/index.php?rest_route=%2Fwp%2Fv2%2Ftags&post=49118"}],"curies":[{"name":"wp","href":"https:\/\/api.w.org\/{rel}","templated":true}]}}