{"id":49116,"date":"2025-12-15T21:30:06","date_gmt":"2025-12-15T19:30:06","guid":{"rendered":"https:\/\/www.mladibl.com\/?p=49116"},"modified":"2025-12-15T21:30:11","modified_gmt":"2025-12-15T19:30:11","slug":"kuca-milanovica-i-ove-sedmice-bogat-program","status":"publish","type":"post","link":"https:\/\/www.mladibl.com\/?p=49116","title":{"rendered":"Ku\u0107a Milanovi\u0107a: I ove sedmice bogat program"},"content":{"rendered":"\n<hr class=\"wp-block-separator has-alpha-channel-opacity\"\/>\n\n\n\n<p>U Ku\u0107i Milanovi\u0107a i tokom ove sedmice na programu je vi\u0161e doga\u0111aja, od promocija knjiga, predavanja i koncerata.<\/p>\n\n\n\n<p>Za ve\u010deras u 19.00 \u010dasova je najavljeno predstavljanje zbornika radova&nbsp; \u2013 Republike Srpska Krajina \u2013 30 godina po nestanku.<\/p>\n\n\n\n<p>Izme\u0111u ostalog, za sutra, 16. decembar u 18.00 \u010dasova (Biblioteka sestara Gaji\u0107) iz programa izdavajamo promociju knjige \u201eMama kako si?\u201c Idu dani\u201c Davorke Mi\u0107i\u0107. U isto vrijeme bi\u0107e odr\u017eana i tribina o Branislavu Petronijevi\u0107u.<\/p>\n\n\n\n<p>Tribina je najavljena i za srijedu, 17. decembar u 18.00 \u010dasova&nbsp; pod nazivom \u201eKatoli\u010dka akcija i nadbiskup Stepinac u Kraljevini Jugoslaviji 1934.-1941.\u201c, dok je 18. decembra od 19.00 \u010dasova na programu predavanje profesora \u0110ure \u0160u\u0161nji\u0107a&nbsp; &nbsp;\u201eU potrazi za smislom\u201c.<\/p>\n\n\n\n<p>Tokom ove sedmice u Ku\u0107i Milanovi\u0107a bi\u0107e odr\u017eani i \u010dasovi baleta, koncert studenata Akademije umjetnosti Univerziteta u Banjoj Luci, sve\u010dani koncert Muzi\u010dke \u0161kole \u201eOpus Conmusica\u201c, te premijera predstave \u201eOpasan ples\u201c.<\/p>\n\n\n\n<p>Kompletan program pogledajte u nastavku.<\/p>\n\n\n\n<figure class=\"wp-block-image\"><img decoding=\"async\" src=\"https:\/\/www.banjaluka.rs.ba\/wp-content\/uploads\/2025\/12\/Kuca-Milanovica-724x1024.jpg\" alt=\"\" class=\"wp-image-42847\"\/><\/figure>\n\n\n\n<p>Preuzeto sa: <a href=\"https:\/\/www.banjaluka.rs.ba\/kuca-milanovica-i-ove-sedmice-bogat-pr\/\" target=\"_blank\" rel=\"noreferrer noopener\">banjaluka.rs.ba<\/a><\/p>\n","protected":false},"excerpt":{"rendered":"<p>U Ku\u0107i Milanovi\u0107a i tokom ove sedmice na programu je vi\u0161e doga\u0111aja, od promocija knjiga, predavanja i koncerata. Za ve\u010deras<\/p>\n","protected":false},"author":1,"featured_media":49113,"comment_status":"closed","ping_status":"open","sticky":false,"template":"","format":"standard","meta":{"om_disable_all_campaigns":false,"_monsterinsights_skip_tracking":false,"_monsterinsights_sitenote_active":false,"_monsterinsights_sitenote_note":"","_monsterinsights_sitenote_category":0,"footnotes":""},"categories":[2],"tags":[10065,1102],"class_list":["post-49116","post","type-post","status-publish","format-standard","has-post-thumbnail","hentry","category-vijesti","tag-kuca-milanovica","tag-program"],"jetpack_featured_media_url":"https:\/\/www.mladibl.com\/wp-content\/uploads\/2025\/12\/Kuca-Milanovica-2025.jpg","amp_enabled":true,"_links":{"self":[{"href":"https:\/\/www.mladibl.com\/index.php?rest_route=\/wp\/v2\/posts\/49116","targetHints":{"allow":["GET"]}}],"collection":[{"href":"https:\/\/www.mladibl.com\/index.php?rest_route=\/wp\/v2\/posts"}],"about":[{"href":"https:\/\/www.mladibl.com\/index.php?rest_route=\/wp\/v2\/types\/post"}],"author":[{"embeddable":true,"href":"https:\/\/www.mladibl.com\/index.php?rest_route=\/wp\/v2\/users\/1"}],"replies":[{"embeddable":true,"href":"https:\/\/www.mladibl.com\/index.php?rest_route=%2Fwp%2Fv2%2Fcomments&post=49116"}],"version-history":[{"count":1,"href":"https:\/\/www.mladibl.com\/index.php?rest_route=\/wp\/v2\/posts\/49116\/revisions"}],"predecessor-version":[{"id":49117,"href":"https:\/\/www.mladibl.com\/index.php?rest_route=\/wp\/v2\/posts\/49116\/revisions\/49117"}],"wp:featuredmedia":[{"embeddable":true,"href":"https:\/\/www.mladibl.com\/index.php?rest_route=\/wp\/v2\/media\/49113"}],"wp:attachment":[{"href":"https:\/\/www.mladibl.com\/index.php?rest_route=%2Fwp%2Fv2%2Fmedia&parent=49116"}],"wp:term":[{"taxonomy":"category","embeddable":true,"href":"https:\/\/www.mladibl.com\/index.php?rest_route=%2Fwp%2Fv2%2Fcategories&post=49116"},{"taxonomy":"post_tag","embeddable":true,"href":"https:\/\/www.mladibl.com\/index.php?rest_route=%2Fwp%2Fv2%2Ftags&post=49116"}],"curies":[{"name":"wp","href":"https:\/\/api.w.org\/{rel}","templated":true}]}}