{"id":4911,"date":"2020-12-16T13:17:06","date_gmt":"2020-12-16T11:17:06","guid":{"rendered":"http:\/\/www.mladibl.com\/?p=4911"},"modified":"2020-12-16T13:17:08","modified_gmt":"2020-12-16T11:17:08","slug":"eu-poziv-za-projekte-za-kreativne-profesionalce-ke","status":"publish","type":"post","link":"https:\/\/www.mladibl.com\/?p=4911","title":{"rendered":"EU Poziv za projekte za kreativne profesionalce\/ke"},"content":{"rendered":"\n<p>EU Poziv proizvo\u0111a\u010dima u naj\u0161irem smislu ovog izraza, uklju\u010duju\u0107i kreativne profesionalce koji proizvode radove i projekte koriste\u0107i tehnologiju i \/ ili tradicionalne alate i metode, umjetnike, zanatlije, vajare i dizajnere tekstila.<\/p>\n\n\n\n<p>Krajnji rok za prijavu 4. januar 2021.<\/p>\n\n\n\n<p>Sve dodatne informacije na sajtu <strong><a href=\"http:\/\/makersxchange.eu\" target=\"_blank\" rel=\"noreferrer noopener\" aria-label=\"makersxchange.eu (opens in a new tab)\">makersxchange.eu<\/a><\/strong><\/p>\n\n\n\n<p>Preuzeto sa: <a href=\"https:\/\/snagalokalnog.ba\/eu-poziv-za-projekte-za-kreativne-profesionalce-ke\/\" target=\"_blank\" rel=\"noreferrer noopener\" aria-label=\"snagalokalnog.ba (opens in a new tab)\">snagalokalnog.ba<\/a><\/p>\n","protected":false},"excerpt":{"rendered":"<p>EU Poziv proizvo\u0111a\u010dima u naj\u0161irem smislu ovog izraza, uklju\u010duju\u0107i kreativne profesionalce koji proizvode radove i projekte koriste\u0107i tehnologiju i \/<\/p>\n","protected":false},"author":1,"featured_media":4912,"comment_status":"closed","ping_status":"open","sticky":false,"template":"","format":"standard","meta":{"om_disable_all_campaigns":false,"_monsterinsights_skip_tracking":false,"_monsterinsights_sitenote_active":false,"_monsterinsights_sitenote_note":"","_monsterinsights_sitenote_category":0,"footnotes":""},"categories":[7],"tags":[2489,2490,2491,38],"class_list":["post-4911","post","type-post","status-publish","format-standard","has-post-thumbnail","hentry","category-grantovi","tag-eu-poziv","tag-kreativni","tag-profesionalci","tag-projekti"],"jetpack_featured_media_url":"https:\/\/www.mladibl.com\/wp-content\/uploads\/2020\/12\/EU-Poziv-za-projekte-za-kreativne-profesionalce_ke.jpg","amp_enabled":true,"_links":{"self":[{"href":"https:\/\/www.mladibl.com\/index.php?rest_route=\/wp\/v2\/posts\/4911","targetHints":{"allow":["GET"]}}],"collection":[{"href":"https:\/\/www.mladibl.com\/index.php?rest_route=\/wp\/v2\/posts"}],"about":[{"href":"https:\/\/www.mladibl.com\/index.php?rest_route=\/wp\/v2\/types\/post"}],"author":[{"embeddable":true,"href":"https:\/\/www.mladibl.com\/index.php?rest_route=\/wp\/v2\/users\/1"}],"replies":[{"embeddable":true,"href":"https:\/\/www.mladibl.com\/index.php?rest_route=%2Fwp%2Fv2%2Fcomments&post=4911"}],"version-history":[{"count":1,"href":"https:\/\/www.mladibl.com\/index.php?rest_route=\/wp\/v2\/posts\/4911\/revisions"}],"predecessor-version":[{"id":4913,"href":"https:\/\/www.mladibl.com\/index.php?rest_route=\/wp\/v2\/posts\/4911\/revisions\/4913"}],"wp:featuredmedia":[{"embeddable":true,"href":"https:\/\/www.mladibl.com\/index.php?rest_route=\/wp\/v2\/media\/4912"}],"wp:attachment":[{"href":"https:\/\/www.mladibl.com\/index.php?rest_route=%2Fwp%2Fv2%2Fmedia&parent=4911"}],"wp:term":[{"taxonomy":"category","embeddable":true,"href":"https:\/\/www.mladibl.com\/index.php?rest_route=%2Fwp%2Fv2%2Fcategories&post=4911"},{"taxonomy":"post_tag","embeddable":true,"href":"https:\/\/www.mladibl.com\/index.php?rest_route=%2Fwp%2Fv2%2Ftags&post=4911"}],"curies":[{"name":"wp","href":"https:\/\/api.w.org\/{rel}","templated":true}]}}