{"id":49076,"date":"2025-12-15T09:44:38","date_gmt":"2025-12-15T07:44:38","guid":{"rendered":"https:\/\/www.mladibl.com\/?p=49076"},"modified":"2025-12-15T09:44:44","modified_gmt":"2025-12-15T07:44:44","slug":"odluka-grada-banjaluka-bez-novogodisnjeg-vatrometa","status":"publish","type":"post","link":"https:\/\/www.mladibl.com\/?p=49076","title":{"rendered":"Odluka Grada: Banjaluka bez novogodi\u0161njeg vatrometa"},"content":{"rendered":"\n<p>Banjaluka \u0107e Novu godinu do\u010dekati bez vatrometa i pirotehnike, objavio je na svom X nalogu gradona\u010delnik Dra\u0161ko Stanivukovi\u0107. Izvor: Slaven Petkovi\u0107, mondo.ba<\/p>\n\n\n\n<p>Kako je napisao, nakon apela udru\u017eenja za<a target=\"_blank\" href=\"https:\/\/mondo.ba\/Magazin\/Ljubimci\/a1349159\/sta-ako-se-pas-boji-vatrometa.html\" rel=\"noreferrer noopener\"> za\u0161titu \u017eivotinja<\/a>, ljubitelja \u017eivotinja i brojnih sugra\u0111ana, donijeli su odluku da tokom ovogodi\u0161nje proslave Nove godine ne koriste pirotehni\u010dka sredstva i <a target=\"_blank\" href=\"https:\/\/mondo.ba\/tag4058\/vatromet\" rel=\"noreferrer noopener\">vatromet.<\/a><\/p>\n\n\n\n<p>&#8220;Pored toga \u0161to pirotehnika izaziva strah i paniku kod \u017eivotinja, ona negativno uti\u010de i na osobe sa razli\u010ditim zdravstvenim pote\u0161ko\u0107ama, naro\u010dito na djecu, starije sugra\u0111ane i lica sa hroni\u010dnim oboljenjima, kao i na kvalitet vazduha koji svi udi\u0161emo&#8221;, objavio je Stanivukovi\u0107.<\/p>\n\n\n\n<p>Apelovao je na sve da poka\u017eu odgovornost, solidarnost i brigu.<\/p>\n\n\n\n<p>&#8220;Suzdr\u017eimo se od kori\u0161tenja pirotehnike, kako bi novogodi\u0161nje ve\u010de proteklo mirno, bez straha i uznemiravanja na\u0161ih sugra\u0111ana i ku\u0107nih ljubimaca&#8221;, poru\u010dio je gradona\u010delnik Banjaluke.<\/p>\n\n\n\n<p>Preuzeto sa: <a href=\"https:\/\/mondo.ba\/Info\/Drustvo\/a1433406\/banjaluka-bez-novogodisnjeg-vatrometa.html\" target=\"_blank\" rel=\"noreferrer noopener\">mondo.ba<\/a><\/p>\n","protected":false},"excerpt":{"rendered":"<p>Banjaluka \u0107e Novu godinu do\u010dekati bez vatrometa i pirotehnike, objavio je na svom X nalogu gradona\u010delnik Dra\u0161ko Stanivukovi\u0107. Izvor: Slaven<\/p>\n","protected":false},"author":1,"featured_media":49077,"comment_status":"closed","ping_status":"open","sticky":false,"template":"","format":"standard","meta":{"om_disable_all_campaigns":false,"_monsterinsights_skip_tracking":false,"_monsterinsights_sitenote_active":false,"_monsterinsights_sitenote_note":"","_monsterinsights_sitenote_category":0,"footnotes":""},"categories":[2],"tags":[53,1757,4396,14716],"class_list":["post-49076","post","type-post","status-publish","format-standard","has-post-thumbnail","hentry","category-vijesti","tag-banja-luka","tag-nova-godina","tag-proslava","tag-vatromet"],"jetpack_featured_media_url":"https:\/\/www.mladibl.com\/wp-content\/uploads\/2025\/12\/Odluka-Grada-Banjaluka-bez-novogodisnjeg-vatrometa.jpg","amp_enabled":true,"_links":{"self":[{"href":"https:\/\/www.mladibl.com\/index.php?rest_route=\/wp\/v2\/posts\/49076","targetHints":{"allow":["GET"]}}],"collection":[{"href":"https:\/\/www.mladibl.com\/index.php?rest_route=\/wp\/v2\/posts"}],"about":[{"href":"https:\/\/www.mladibl.com\/index.php?rest_route=\/wp\/v2\/types\/post"}],"author":[{"embeddable":true,"href":"https:\/\/www.mladibl.com\/index.php?rest_route=\/wp\/v2\/users\/1"}],"replies":[{"embeddable":true,"href":"https:\/\/www.mladibl.com\/index.php?rest_route=%2Fwp%2Fv2%2Fcomments&post=49076"}],"version-history":[{"count":1,"href":"https:\/\/www.mladibl.com\/index.php?rest_route=\/wp\/v2\/posts\/49076\/revisions"}],"predecessor-version":[{"id":49079,"href":"https:\/\/www.mladibl.com\/index.php?rest_route=\/wp\/v2\/posts\/49076\/revisions\/49079"}],"wp:featuredmedia":[{"embeddable":true,"href":"https:\/\/www.mladibl.com\/index.php?rest_route=\/wp\/v2\/media\/49077"}],"wp:attachment":[{"href":"https:\/\/www.mladibl.com\/index.php?rest_route=%2Fwp%2Fv2%2Fmedia&parent=49076"}],"wp:term":[{"taxonomy":"category","embeddable":true,"href":"https:\/\/www.mladibl.com\/index.php?rest_route=%2Fwp%2Fv2%2Fcategories&post=49076"},{"taxonomy":"post_tag","embeddable":true,"href":"https:\/\/www.mladibl.com\/index.php?rest_route=%2Fwp%2Fv2%2Ftags&post=49076"}],"curies":[{"name":"wp","href":"https:\/\/api.w.org\/{rel}","templated":true}]}}