{"id":49073,"date":"2025-12-15T09:38:29","date_gmt":"2025-12-15T07:38:29","guid":{"rendered":"https:\/\/www.mladibl.com\/?p=49073"},"modified":"2025-12-15T09:38:37","modified_gmt":"2025-12-15T07:38:37","slug":"humanitarni-bazar-za-pse-iz-azila-na-manjaci-u-domu-omladine","status":"publish","type":"post","link":"https:\/\/www.mladibl.com\/?p=49073","title":{"rendered":"Humanitarni bazar za pse iz azila na Manja\u010di u Domu omladine"},"content":{"rendered":"\n<p>Da je pas najbolji \u010dovjekov prijatelj, re\u010denica je koju \u010desto mo\u017eemo \u010duti, a u ponedjeljak, 15. decembra, svi Banjalu\u010dani ima\u0107e priliku da poka\u017eu da je i \u010dovjek najbolji prijatelj psa, jer \u0107e u Domu omladine biti organizovan Humanitarni bazar za \u0161apice azila Manja\u010da.<\/p>\n\n\n\n<p>Tako \u0107e svi oni koji po\u017eele pomo\u0107i psima mo\u0107i da do\u0111u u Dom omladine od 10 do 21 \u010das i da pazare ne\u0161to od bogate ponude koja \u0107e biti na bazaru.<\/p>\n\n\n\n<p>Kako za &#8220;Nezavisne novine&#8221; govore volonteri grupe &#8220;Azil Manja\u010da &#8211; gra\u0111ani&#8221;, u ponedjeljak \u0107e se na bazaru, koji organizuju zajedno sa Udru\u017eenjem za za\u0161titu prava \u017eivotinja &#8220;Srcem za \u0161apu&#8221; i podr\u0161ku Grada Banjaluka, na\u0107i kaputi\u0107i za pse, zdjelice za hranu, ogrlice, povoci, prsnici, knjige, kola\u010di, nakit, rukotvorine, kalendari s fotografijama pasa iz azila i mnoge druge stvari.<\/p>\n\n\n\n<p>Posjete ovih volontera azilu i psima su redovne, a kako ka\u017eu, sem pasa u azilu, ima i mnogo onih koji borave kod jezera, kompleksa Centra za razvoj poljoprivrede i sela, te kasarne.<\/p>\n\n\n\n<p>&#8220;Azil ima obezbije\u0111enu hranu, ali ovi psi kod jezera, centra i vojske nemaju. Zato smo se odlu\u010dili da napravimo bazar da iznesemo sitnice i da prikupimo hranu za pse tokom zime, da obezbijedimo za azil stvari&#8221;, ka\u017eu volonteri za &#8220;Nezavisne novine&#8221;.<\/p>\n\n\n\n<p>Oni dodaju da od sakupljenog novca, sem hrane, \u017eele nabaviti i sijalice koje griju u hangarima, a koje \u010desto ne rade u azilu. Upravo zbog toga \u017eele nabaviti nove kako bi imali i rezervu.<\/p>\n\n\n\n<p>&#8220;Najve\u0107a stvar jeste \u0161to \u0107e sakupljeni novac i\u0107i i za sterilizaciju. Psi u azilu su obra\u0111eni od strane veterinara, ali ako ne sterili\u0161emo pse na jezeru, oni \u0107e se razmno\u017eiti&#8221;, ka\u017eu oni.<\/p>\n\n\n\n<p>Volonteri ne kriju da se nadaju dobrom odzivu gra\u0111ana na bazaru.<\/p>\n\n\n\n<p>&#8220;Mi imamo veliku podr\u0161ku Udru\u017eenja &#8216;Srcem za \u0161apu&#8217;. Mi bez Udru\u017eenja ne bismo mogli ostvariti neke stvari koje smo postigli&#8221;, navode oni.<\/p>\n\n\n\n<p>Na svom Facebook profilu oni su naveli da su na bazar svi dobrodo\u0161li.<\/p>\n\n\n\n<p>&#8220;Svi ste dobrodo\u0161li &#8211; bilo da \u017eelite da u\u010destvujete, volontirate, donirate ili jednostavno da posjetite i podr\u017eite humanu misiju zajednice&#8221;, napisali su oni, \u0161alju\u0107i va\u017enu poruku da zajedno mo\u017eemo vi\u0161e.<\/p>\n\n\n\n<p>Preuzeto sa: <a href=\"https:\/\/www.nezavisne.com\/novosti\/banjaluka\/Humanitarni-bazar-za-pse-iz-azila-na-Manjaci-u-Domu-omladine\/942354\" target=\"_blank\" rel=\"noreferrer noopener\">nezavisne.com<\/a><\/p>\n","protected":false},"excerpt":{"rendered":"<p>Da je pas najbolji \u010dovjekov prijatelj, re\u010denica je koju \u010desto mo\u017eemo \u010duti, a u ponedjeljak, 15. decembra, svi Banjalu\u010dani ima\u0107e<\/p>\n","protected":false},"author":1,"featured_media":49074,"comment_status":"closed","ping_status":"open","sticky":false,"template":"","format":"standard","meta":{"om_disable_all_campaigns":false,"_monsterinsights_skip_tracking":false,"_monsterinsights_sitenote_active":false,"_monsterinsights_sitenote_note":"","_monsterinsights_sitenote_category":0,"footnotes":""},"categories":[2],"tags":[14715,14714,797],"class_list":["post-49073","post","type-post","status-publish","format-standard","has-post-thumbnail","hentry","category-vijesti","tag-azil-za-pse","tag-humanitarni-bazar","tag-manjaca"],"jetpack_featured_media_url":"https:\/\/www.mladibl.com\/wp-content\/uploads\/2025\/12\/Humanitarni-bazar-za-pse-iz-azila-na-Manjaci-u-Domu-omladine.jpg","amp_enabled":true,"_links":{"self":[{"href":"https:\/\/www.mladibl.com\/index.php?rest_route=\/wp\/v2\/posts\/49073","targetHints":{"allow":["GET"]}}],"collection":[{"href":"https:\/\/www.mladibl.com\/index.php?rest_route=\/wp\/v2\/posts"}],"about":[{"href":"https:\/\/www.mladibl.com\/index.php?rest_route=\/wp\/v2\/types\/post"}],"author":[{"embeddable":true,"href":"https:\/\/www.mladibl.com\/index.php?rest_route=\/wp\/v2\/users\/1"}],"replies":[{"embeddable":true,"href":"https:\/\/www.mladibl.com\/index.php?rest_route=%2Fwp%2Fv2%2Fcomments&post=49073"}],"version-history":[{"count":1,"href":"https:\/\/www.mladibl.com\/index.php?rest_route=\/wp\/v2\/posts\/49073\/revisions"}],"predecessor-version":[{"id":49075,"href":"https:\/\/www.mladibl.com\/index.php?rest_route=\/wp\/v2\/posts\/49073\/revisions\/49075"}],"wp:featuredmedia":[{"embeddable":true,"href":"https:\/\/www.mladibl.com\/index.php?rest_route=\/wp\/v2\/media\/49074"}],"wp:attachment":[{"href":"https:\/\/www.mladibl.com\/index.php?rest_route=%2Fwp%2Fv2%2Fmedia&parent=49073"}],"wp:term":[{"taxonomy":"category","embeddable":true,"href":"https:\/\/www.mladibl.com\/index.php?rest_route=%2Fwp%2Fv2%2Fcategories&post=49073"},{"taxonomy":"post_tag","embeddable":true,"href":"https:\/\/www.mladibl.com\/index.php?rest_route=%2Fwp%2Fv2%2Ftags&post=49073"}],"curies":[{"name":"wp","href":"https:\/\/api.w.org\/{rel}","templated":true}]}}