{"id":49070,"date":"2025-12-12T08:00:32","date_gmt":"2025-12-12T06:00:32","guid":{"rendered":"https:\/\/www.mladibl.com\/?p=49070"},"modified":"2025-12-12T08:01:53","modified_gmt":"2025-12-12T06:01:53","slug":"sef-academy-poziv-za-ucenike-studente-i-mlade-inovatore","status":"publish","type":"post","link":"https:\/\/www.mladibl.com\/?p=49070","title":{"rendered":"SEF ACADEMY: Poziv za u\u010denike, studente i mlade inovatore"},"content":{"rendered":"\n<p>U okviru priprema za Sarajevo Energy Forum 2026, koji \u0107e se odr\u017eati 28-30. januara, pozivamo u\u010denike zavr\u0161nih razreda srednjih \u0161kola i studente tehni\u010dkih studija, kao i mlade stru\u010dnjake iz javnih i privatnih preduze\u0107a iz BiH, da se prijave sa svojim: radom, idejom, inovacijom, vizijom ili rje\u0161enjem koje doprinosi odr\u017eivoj energetskoj budu\u0107nosti u Bosni i Hercegovini i regiji. Tra\u017eimo va\u0161e inovativne pristupe, tehni\u010dka rje\u0161enja, istra\u017eiva\u010dke radove, modele ili prakti\u010dne prijedloge koji mogu pomo\u0107i u ubrzanju prelaska na \u010distu energiju, pove\u0107anju energetske efikasnosti i razvoju odr\u017eivih sistema.<\/p>\n\n\n\n<p>Najbolje radove nagradi\u0107emo finansijski, a njihovi autori dobi\u0107e priliku za:<\/p>\n\n\n\n<ul class=\"wp-block-list\">\n<li>stru\u010dne obuke i mentorstvo u saradnji s\u00a0<strong>OIE (Obnovljivi izvori energije Bosne i Hercegovine)<\/strong>,\u00a0<strong>Centar za energiju, okoli\u0161, elektromobilnost i inovacije REENERGY i SEF (Sarajevo Energy Forum)<\/strong>,<\/li>\n\n\n\n<li>umre\u017eavanje s liderima iz sektora inovacija, tehnologije i energetike,<\/li>\n\n\n\n<li>te mogu\u0107nost prezentacije svojih ideja na Sarajevo Energy Forum 2026 i EV WEEK 2026.<\/li>\n<\/ul>\n\n\n\n<p>Prijave su otvorene do&nbsp;<strong>15.01.2026. godine.<\/strong><\/p>\n\n\n\n<p>Svoj rad, ideju ili prijedlog po\u0161aljite putem e-maila: academy@sef.ba<\/p>\n\n\n\n<p>Zajedno gradimo budu\u0107nost u kojoj energija i rje\u0161enja dolaze iz znanja, inovacija i vizije novih generacija!<\/p>\n\n\n\n<p><strong>Naziv teme poziva: <\/strong><strong>\u201eMladi za energetsku tranziciju \u2013 ideje, rje\u0161enja i vizije za odr\u017eivu budu\u0107nost BiH i regije\u201c<\/strong><\/p>\n\n\n\n<p>Okvir za rad \/ tekst koji se prijavljuje:<\/p>\n\n\n\n<p><strong>Predlo\u017eena struktura rada:<\/strong><\/p>\n\n\n\n<ol class=\"wp-block-list\">\n<li>Naslov rada \/ ideje<\/li>\n\n\n\n<li>Ime i prezime autora (\u0161kola \/ fakultet \/ preduze\u0107e)<\/li>\n\n\n\n<li>Sa\u017eetak (do 200 rije\u010di) \u2013 kratko predstavljanje ideje ili rje\u0161enja<\/li>\n\n\n\n<li>Opis problema i potreba \u2013 za\u0161to je tema va\u017ena (\u00bd stranice)<\/li>\n\n\n\n<li>Predlo\u017eeno rje\u0161enje \/ ideja \/ inovacija \u2013 tehni\u010dki, tehnolo\u0161ki ili konceptualni opis (1\u20132 stranice)<\/li>\n\n\n\n<li>O\u010dekivani efekti i koristi \u2013 ekonomski, ekolo\u0161ki, dru\u0161tveni (\u00bd stranice)<\/li>\n\n\n\n<li>Zaklju\u010dak \/ vizija \u2013 kako va\u0161 rad doprinosi energetskoj tranziciji (\u00bd stranice)<\/li>\n<\/ol>\n\n\n\n<p><strong>Preporu\u010dena du\u017eina rada:<\/strong><\/p>\n\n\n\n<ul class=\"wp-block-list\">\n<li>2 do 4 stranice \u2013 A4 format (maksimalno 1.500 \u2013 2.000 rije\u010di)<\/li>\n<\/ul>\n\n\n\n<p><strong>Forma:<\/strong><\/p>\n\n\n\n<ul class=\"wp-block-list\">\n<li>Font: Arial ili Calibri, veli\u010dina 11 pt<\/li>\n\n\n\n<li>Razmak: 1,5<\/li>\n\n\n\n<li>Format: PDF i Word dokument<\/li>\n<\/ul>\n\n\n\n<p><strong>Kriteriji ocjenjivanja prijavljenih radova<\/strong><\/p>\n\n\n\n<p>Svi pristigli radovi, ideje i rje\u0161enja bi\u0107e ocijenjeni od strane stru\u010dne komisije SEF-a, prema sljede\u0107im kriterijima:<\/p>\n\n\n\n<p>1. Inovativnost i originalnost (30%)<\/p>\n\n\n\n<p>Koliko je ideja nova, kreativna i druga\u010dija od postoje\u0107ih rje\u0161enja? Donosi li rad svje\u017eu perspektivu ili pristup energetskoj tranziciji?<\/p>\n\n\n\n<p>2. Prakti\u010dna primjenjivost (25%)<\/p>\n\n\n\n<p>Da li je rje\u0161enje mogu\u0107e primijeniti u praksi u BiH ili regiji? Koliko su jasno definisani koraci za realizaciju?<\/p>\n\n\n\n<p>3. Odr\u017eivost i doprinos energetskoj tranziciji (25%)<\/p>\n\n\n\n<p>Koliko rad doprinosi smanjenju emisija, ve\u0107oj energetskoj efikasnosti ili upotrebi obnovljivih izvora energije? Ima li potencijal dugoro\u010dnog pozitivnog uticaja na zajednicu ili privredu?<\/p>\n\n\n\n<p>4. Kvalitet prezentacije i jasno\u0107a ideje (10%)<\/p>\n\n\n\n<p>Da li je ideja jasno obja\u0161njena i logi\u010dno strukturirana? Je li tekst razumljiv, pregledan i uvjerljiv?<\/p>\n\n\n\n<p>5. Tim i anga\u017eman (10%)<\/p>\n\n\n\n<p>Da li rad pokazuje saradnju, interdisciplinarni pristup ili dru\u0161tvenu odgovornost? Da li autor ili tim pokazuju proaktivan pristup i spremnost na dalji razvoj ideje?<\/p>\n\n\n\n<h3 class=\"wp-block-heading\"><strong>Nagrade:<\/strong><\/h3>\n\n\n\n<p><strong>SEF stipendije za najbolje radove:<\/strong><\/p>\n\n\n\n<p>1., 2. i 3. mjesto za srednjo\u0161kolce<br>1., 2. i 3. mjesto za studente<\/p>\n\n\n\n<p><strong>Javna priznanja i plakete:<\/strong><\/p>\n\n\n\n<p>1., 2. i 3. mjesto \u2013 mladi stru\u010dnjaci iz javnih i privatnih preduze\u0107a<br>Mentorski program i obuke u saradnji s OIE, Centar Reenergy i SEF<br>Prezentacija pobjedni\u010dkih ideja na Sarajevo Energy Forum 2026 i EV WEEK 2026<\/p>\n\n\n\n<p><strong>Jedan od obrazovnih partnera SEF Academy je Burch Univerzitet<\/strong>, koji \u0107e za najbolje rangirane radove (1., 2. i 3. mjesto) osigurati&nbsp;<strong>stipendije za studij<\/strong>&nbsp;na njihovim studijskim programima, kao i&nbsp;<strong>podr\u0161ku za razvoj startupa kroz Burch Inkubator<\/strong>.<\/p>\n\n\n\n<p>Ne propustite priliku. Za vi\u0161e detalja, kao i mail za va\u0161e ideje i radove pi\u0161ite na&nbsp;<a href=\"mailto:academy@sef.ba\">academy@sef.ba<\/a><\/p>\n\n\n\n<p>Preuzeto sa: <a href=\"https:\/\/star.study\/bs\/novost\/sef-academy-poziv-za-ucenike-studente-i-mlade-inovatore\/2627\" target=\"_blank\" rel=\"noreferrer noopener\">star.study<\/a><\/p>\n","protected":false},"excerpt":{"rendered":"<p>U okviru priprema za Sarajevo Energy Forum 2026, koji \u0107e se odr\u017eati 28-30. januara, pozivamo u\u010denike zavr\u0161nih razreda srednjih \u0161kola<\/p>\n","protected":false},"author":1,"featured_media":49043,"comment_status":"closed","ping_status":"open","sticky":false,"template":"","format":"standard","meta":{"om_disable_all_campaigns":false,"_monsterinsights_skip_tracking":false,"_monsterinsights_sitenote_active":false,"_monsterinsights_sitenote_note":"","_monsterinsights_sitenote_category":0,"footnotes":""},"categories":[8692,1462],"tags":[1012,33,14713,568],"class_list":["post-49070","post","type-post","status-publish","format-standard","has-post-thumbnail","hentry","category-izdvajamo","category-takmicenja","tag-inovatori","tag-mladi","tag-sef-academy","tag-ucenici"],"jetpack_featured_media_url":"https:\/\/www.mladibl.com\/wp-content\/uploads\/2025\/12\/SEF-ACADEMY_-Poziv-za-ucenike-studente-i-mlade-inovatore.jpg","amp_enabled":true,"_links":{"self":[{"href":"https:\/\/www.mladibl.com\/index.php?rest_route=\/wp\/v2\/posts\/49070","targetHints":{"allow":["GET"]}}],"collection":[{"href":"https:\/\/www.mladibl.com\/index.php?rest_route=\/wp\/v2\/posts"}],"about":[{"href":"https:\/\/www.mladibl.com\/index.php?rest_route=\/wp\/v2\/types\/post"}],"author":[{"embeddable":true,"href":"https:\/\/www.mladibl.com\/index.php?rest_route=\/wp\/v2\/users\/1"}],"replies":[{"embeddable":true,"href":"https:\/\/www.mladibl.com\/index.php?rest_route=%2Fwp%2Fv2%2Fcomments&post=49070"}],"version-history":[{"count":1,"href":"https:\/\/www.mladibl.com\/index.php?rest_route=\/wp\/v2\/posts\/49070\/revisions"}],"predecessor-version":[{"id":49071,"href":"https:\/\/www.mladibl.com\/index.php?rest_route=\/wp\/v2\/posts\/49070\/revisions\/49071"}],"wp:featuredmedia":[{"embeddable":true,"href":"https:\/\/www.mladibl.com\/index.php?rest_route=\/wp\/v2\/media\/49043"}],"wp:attachment":[{"href":"https:\/\/www.mladibl.com\/index.php?rest_route=%2Fwp%2Fv2%2Fmedia&parent=49070"}],"wp:term":[{"taxonomy":"category","embeddable":true,"href":"https:\/\/www.mladibl.com\/index.php?rest_route=%2Fwp%2Fv2%2Fcategories&post=49070"},{"taxonomy":"post_tag","embeddable":true,"href":"https:\/\/www.mladibl.com\/index.php?rest_route=%2Fwp%2Fv2%2Ftags&post=49070"}],"curies":[{"name":"wp","href":"https:\/\/api.w.org\/{rel}","templated":true}]}}