{"id":49056,"date":"2025-12-12T07:47:56","date_gmt":"2025-12-12T05:47:56","guid":{"rendered":"https:\/\/www.mladibl.com\/?p=49056"},"modified":"2025-12-12T08:01:38","modified_gmt":"2025-12-12T06:01:38","slug":"poziv-za-prijavu-na-kamp-zelim-vise","status":"publish","type":"post","link":"https:\/\/www.mladibl.com\/?p=49056","title":{"rendered":"Poziv za prijavu na kamp \u201e\u017delim vi\u0161e\u201d"},"content":{"rendered":"\n<p><strong>Univerzitet u Banjoj Luci i Republi\u010dki pedago\u0161ki zavod Republike Srpske, od 15. do 17. januara 2026. godine, organizuju zimski kamp \u201e\u017delim vi\u0161e\u201d za u\u010denike osnovnih i srednjih \u0161kola koji pokazuju interesovanje za odre\u0111ene nau\u010dne discipline, umjetnost i sport.<\/strong><\/p>\n\n\n\n<p>Tokom zimskog kampa koji se organizuje po drugi put, u\u010denici \u0107e na zanimljiv i interaktivan na\u010din sticati nova znanja i otkri\u0107a, upoznati se sa prakti\u010dnom primjenom nauke u svakodnevnom \u017eivotu, te kroz radioni\u010dki rad pro\u0161iriti vidike i ste\u010dena iskustva. Pored obrazovnih aktivnosti, kamp nudi priliku za sticanje novih prijateljstava i kvalitetno provo\u0111enje vremena na zabavan i koristan na\u010din.<\/p>\n\n\n\n<p>Na kamp koji se odr\u017eava na Univerzitetu u Banjoj Luci mogu se prijaviti u\u010denici od petog razreda osnovne \u0161kole do \u010detvrtog razreda srednje \u0161kole, popunjavanjem elektronskog <strong><a href=\"https:\/\/eduis-my.sharepoint.com\/:b:\/g\/personal\/vladimir_radojcic_rpz-rs_org\/IQDZJIPLocIcSbbtA7JBgUhHAYz0ietjvHbv4Q8aQXe0li4?e=uUUxQQ\" target=\"_blank\" rel=\"noreferrer noopener\">prijavnog obrasca<\/a><\/strong>. Izbor radionica i prijavljivanje za kamp se vr\u0161i na osnovu informacija koje su navedene u <strong><a href=\"https:\/\/eduis-my.sharepoint.com\/:b:\/g\/personal\/vladimir_radojcic_rpz-rs_org\/IQCC2ASJ0FlQQ6W6ChFcxiD5ARaW-meqQlckidC6DbdLGZU?e=JCGPPk\" target=\"_blank\" rel=\"noreferrer noopener\">Katalogu radionica<\/a><\/strong>, a odnose se na uzrast kojem su namijenjene.<\/p>\n\n\n\n<p>Pored u\u010denika, na kampu mogu u\u010destvovati i nastavnici, koji \u0107e kroz<strong><a href=\"https:\/\/eduis-my.sharepoint.com\/personal\/vladimir_radojcic_rpz-rs_org\/_layouts\/15\/onedrive.aspx?id=%2Fpersonal%2Fvladimir%5Fradojcic%5Frpz%2Drs%5Forg%2FDocuments%2F%D0%97%D0%B8%D0%BC%D1%81%D0%BA%D0%B8%20%D0%BA%D0%B0%D0%BC%D0%BF%20%2D%20%D0%96%D0%B5%D0%BB%D0%B8%D0%BC%20%D0%B2%D0%B8%D1%88%D0%B5%20%2D%202026%2F%D0%98%D0%BD%D1%84%D0%BE%D1%80%D0%BC%D0%B0%D1%86%D0%B8%D1%98%D0%B5%20%D0%BE%20%D1%83%D1%81%D0%BB%D0%BE%D0%B2%D0%B8%D0%BC%D0%B0%20%D0%BF%D1%80%D0%B8%D1%98%D0%B0%D0%B2%D1%99%D0%B8%D0%B2%D0%B0%D1%9A%D0%B0%20%D0%BD%D0%B0%D1%81%D1%82%D0%B0%D0%B2%D0%BD%D0%B8%D0%BA%D0%B0%20%D0%BD%D0%B0%20%D0%BA%D0%B0%D0%BC%D0%BF%20%D0%B7%D0%B0%20%D0%BD%D0%B0%D0%B4%D0%B0%D1%80%D0%B5%D0%BD%D0%B5%20%D0%B8%20%D1%82%D0%B0%D0%BB%D0%B5%D0%BD%D1%82%D0%BE%D0%B2%D0%B0%D0%BD%D0%B5%20%D1%83%D1%87%D0%B5%D0%BD%D0%B8%D0%BA%D0%B5%20%D0%96%D0%B5%D0%BB%D0%B8%D0%BC%20%D0%B2%D0%B8%D1%88%D0%B5%2Epdf&amp;parent=%2Fpersonal%2Fvladimir%5Fradojcic%5Frpz%2Drs%5Forg%2FDocuments%2F%D0%97%D0%B8%D0%BC%D1%81%D0%BA%D0%B8%20%D0%BA%D0%B0%D0%BC%D0%BF%20%2D%20%D0%96%D0%B5%D0%BB%D0%B8%D0%BC%20%D0%B2%D0%B8%D1%88%D0%B5%20%2D%202026&amp;ga=1\" target=\"_blank\" rel=\"noreferrer noopener\">radionice<\/a><\/strong> imati priliku za stru\u010dno usavr\u0161avanje.<\/p>\n\n\n\n<p>Doga\u0111aj se organizuje uz podr\u0161ku Ministarstva za nau\u010dnotehnolo\u0161ki razvoj i visoko obrazovanje Republike Srpske.<\/p>\n\n\n\n<p>Rok za prijavu je 28. decembar 2025. godine, a u\u010de\u0161\u0107e je besplatno.<\/p>\n\n\n\n<p><strong>Korisni linkovi:<\/strong><\/p>\n\n\n\n<ul class=\"wp-block-list\">\n<li><a href=\"https:\/\/eduis-my.sharepoint.com\/:b:\/g\/personal\/vladimir_radojcic_rpz-rs_org\/IQDnKOOORi5EQbtC1ojhsVTIAe6VQNASxTMJebwyf_ljqQA?e=htAAZg\" target=\"_blank\" rel=\"noreferrer noopener\">Informacija o kampu<\/a>;<\/li>\n\n\n\n<li><a href=\"https:\/\/eduis-my.sharepoint.com\/:b:\/g\/personal\/vladimir_radojcic_rpz-rs_org\/IQCC2ASJ0FlQQ6W6ChFcxiD5ARaW-meqQlckidC6DbdLGZU?e=JCGPPk\" target=\"_blank\" rel=\"noreferrer noopener\">Katalog radionica;\u00a0<\/a><\/li>\n\n\n\n<li><a href=\"http:\/\/eduis-my.sharepoint.com\/:b:\/g\/personal\/vladimir_radojcic_rpz-rs_org\/IQDZJIPLocIcSbbtA7JBgUhHAYz0ietjvHbv4Q8aQXe0li4?e=uUUxQQ\" target=\"_blank\" rel=\"noreferrer noopener\">Informacija o uslovima prijavljivanja za u\u010denike;\u00a0<\/a><\/li>\n\n\n\n<li><a href=\"https:\/\/eduis-my.sharepoint.com\/:b:\/g\/personal\/vladimir_radojcic_rpz-rs_org\/IQAt1VJhL4buS5x2qSACa0zsAWulGnj29z_8WlAJ3RICTA4?e=bXYK0Z\" target=\"_blank\" rel=\"noreferrer noopener\">Informacija o uslovima prijavljivanja za nastavnike;\u00a0<\/a><\/li>\n\n\n\n<li><a href=\"https:\/\/eduis-my.sharepoint.com\/:i:\/g\/personal\/vladimir_radojcic_rpz-rs_org\/IQCx3j-C1W3mS7rvDXlcdQemAbBI3oWBAJ59CtO1H-x2to8?e=Q6N7bw\" target=\"_blank\" rel=\"noreferrer noopener\">Plakat sa kodom za prijave<\/a>.<\/li>\n<\/ul>\n\n\n\n<figure class=\"wp-block-image size-full\"><img loading=\"lazy\" decoding=\"async\" width=\"614\" height=\"768\" src=\"http:\/\/www.mladibl.com\/wp-content\/uploads\/2025\/12\/Poziv-za-prijavu-na-kamp-\u201eZelim-vise.jpg\" alt=\"Poziv za prijavu na kamp \u201e\u017delim vi\u0161e\u201d\" class=\"wp-image-49050\" srcset=\"https:\/\/www.mladibl.com\/wp-content\/uploads\/2025\/12\/Poziv-za-prijavu-na-kamp-\u201eZelim-vise.jpg 614w, https:\/\/www.mladibl.com\/wp-content\/uploads\/2025\/12\/Poziv-za-prijavu-na-kamp-\u201eZelim-vise-240x300.jpg 240w\" sizes=\"auto, (max-width: 614px) 100vw, 614px\" \/><\/figure>\n\n\n\n<p>Preuzeto sa: <a href=\"https:\/\/unibl.org\/sr-lat\/vesti\/2025\/12\/poziv-za-prijavu-na-kamp-zelim-vise\" target=\"_blank\" rel=\"noreferrer noopener\">unibl.org<\/a><\/p>\n\n\n\n<p><\/p>\n","protected":false},"excerpt":{"rendered":"<p>Univerzitet u Banjoj Luci i Republi\u010dki pedago\u0161ki zavod Republike Srpske, od 15. do 17. januara 2026. godine, organizuju zimski kamp<\/p>\n","protected":false},"author":1,"featured_media":49050,"comment_status":"closed","ping_status":"open","sticky":false,"template":"","format":"standard","meta":{"om_disable_all_campaigns":false,"_monsterinsights_skip_tracking":false,"_monsterinsights_sitenote_active":false,"_monsterinsights_sitenote_note":"","_monsterinsights_sitenote_category":0,"footnotes":""},"categories":[4,8692],"tags":[1692,13670],"class_list":["post-49056","post","type-post","status-publish","format-standard","has-post-thumbnail","hentry","category-edukacija","category-izdvajamo","tag-kamp","tag-zelim-vise"],"jetpack_featured_media_url":"https:\/\/www.mladibl.com\/wp-content\/uploads\/2025\/12\/Poziv-za-prijavu-na-kamp-\u201eZelim-vise.jpg","amp_enabled":true,"_links":{"self":[{"href":"https:\/\/www.mladibl.com\/index.php?rest_route=\/wp\/v2\/posts\/49056","targetHints":{"allow":["GET"]}}],"collection":[{"href":"https:\/\/www.mladibl.com\/index.php?rest_route=\/wp\/v2\/posts"}],"about":[{"href":"https:\/\/www.mladibl.com\/index.php?rest_route=\/wp\/v2\/types\/post"}],"author":[{"embeddable":true,"href":"https:\/\/www.mladibl.com\/index.php?rest_route=\/wp\/v2\/users\/1"}],"replies":[{"embeddable":true,"href":"https:\/\/www.mladibl.com\/index.php?rest_route=%2Fwp%2Fv2%2Fcomments&post=49056"}],"version-history":[{"count":1,"href":"https:\/\/www.mladibl.com\/index.php?rest_route=\/wp\/v2\/posts\/49056\/revisions"}],"predecessor-version":[{"id":49057,"href":"https:\/\/www.mladibl.com\/index.php?rest_route=\/wp\/v2\/posts\/49056\/revisions\/49057"}],"wp:featuredmedia":[{"embeddable":true,"href":"https:\/\/www.mladibl.com\/index.php?rest_route=\/wp\/v2\/media\/49050"}],"wp:attachment":[{"href":"https:\/\/www.mladibl.com\/index.php?rest_route=%2Fwp%2Fv2%2Fmedia&parent=49056"}],"wp:term":[{"taxonomy":"category","embeddable":true,"href":"https:\/\/www.mladibl.com\/index.php?rest_route=%2Fwp%2Fv2%2Fcategories&post=49056"},{"taxonomy":"post_tag","embeddable":true,"href":"https:\/\/www.mladibl.com\/index.php?rest_route=%2Fwp%2Fv2%2Ftags&post=49056"}],"curies":[{"name":"wp","href":"https:\/\/api.w.org\/{rel}","templated":true}]}}