{"id":49017,"date":"2025-12-11T08:43:08","date_gmt":"2025-12-11T06:43:08","guid":{"rendered":"https:\/\/www.mladibl.com\/?p=49017"},"modified":"2025-12-11T08:43:14","modified_gmt":"2025-12-11T06:43:14","slug":"javni-poziv-za-ucesce-u-obukama-fablab-programa-za-zelenu-i-digitalnu-transformaciju","status":"publish","type":"post","link":"https:\/\/www.mladibl.com\/?p=49017","title":{"rendered":"JAVNI POZIV za u\u010de\u0161\u0107e u obukama FabLab programa za zelenu i digitalnu transformaciju"},"content":{"rendered":"\n<p>FabLab Inovacijski Centar otvara prijave za u\u010de\u0161\u0107e u prvom ciklusu programa namijenjenog mikro, malim i srednjim preduze\u0107ima, studentima, mladim profesionalcima i start-up timovima koji \u017eele unaprijediti svoje vje\u0161tine u digitalnim, zelenim i inovacijskim tehnologijama.<\/p>\n\n\n\n<p>Program se realizuje u okviru inicijative EU4PSD \u2013 EU za razvoj privatnog sektora, koju finansiraju Evropska unija i Vlada Savezne Republike Njema\u010dke (BMZ), a implementira GIZ.<\/p>\n\n\n\n<h4 class=\"wp-block-heading\"><strong>O PROGRAMU<\/strong><\/h4>\n\n\n\n<p>FabLab program nudi kombinaciju online predavanja, prakti\u010dnih treninga i hibridnih sesija u \u010detiri klju\u010dne oblasti:<\/p>\n\n\n\n<p><strong>1. Rapid prototyping i digitalna proizvodnja<\/strong>, koji uklju\u010duje module iz 3D printanja, CAD\/CAM, robotike, IoT-a, digitalne fabrikacije i odr\u017eivog dizajna.<\/p>\n\n\n\n<p><strong>2. Zelene i digitalne inovacije za MSP<\/strong>, uklju\u010duje resursnu efikasnost, digitalizaciju procesa, AI alate, pristup tr\u017ei\u0161tu i poslovne modele budu\u0107nosti.<\/p>\n\n\n\n<p><strong>3. Start-up razvoj i priprema za tr\u017ei\u0161te<\/strong>, koji obuhvata oblasti fudraising i pitching, digitalnog marketinga i green brendinga, potrebe tr\u017ei\u0161ta i spremnost na investicije.<\/p>\n\n\n\n<p><strong>4. Intelektualna svojina i IP strategija<\/strong>, podrazumijeva treninge iz osnova intelektualnog vlasni\u0161tva, strategije intelektualnog vlasni\u0161tva, te put od ideje do za\u0161tite.<\/p>\n\n\n\n<p>U\u010desnici biraju <strong>minimalno 2<\/strong>, a <strong>maksimalno 5<\/strong> modula prema vlastitim potrebama i ciljevima. <em>Detaljan spisak treninga pogledajte u Javnom pozivu koji se nalazi u prilogu.<\/em><\/p>\n\n\n\n<h4 class=\"wp-block-heading\"><strong>CERTIFIKACIJA<\/strong><\/h4>\n\n\n\n<p>Program je certificiran od strane:<\/p>\n\n\n\n<p>\u2013 Evropskog instituta za inovacije i tehnologiju (European Institute of Innovation and Technology \u2013 EIT) i<\/p>\n\n\n\n<p>\u2013 Digitalnog inovacijskog huba Digital Storm.<\/p>\n\n\n\n<p>U\u010desnici koji uspje\u0161no ispune uslove programa mogu ostvariti certifikat izdat od strane Evropskog instituta za inovacije i tehnologiju (EIT).<\/p>\n\n\n\n<h4 class=\"wp-block-heading\"><strong>KO SE MO\u017dE PRIJAVITI<\/strong><\/h4>\n\n\n\n<p><strong>1. MSP (mikro, mala i srednja preduze\u0107a)<\/strong><\/p>\n\n\n\n<p>Preduze\u0107a iz BiH u sektorima proizvodnje, tehnologije, kreativnih industrija, usluga zasnovanih na znanju i start-up kompanije u ranoj fazi komercijalizacije.<br><em>Prednost imaju izvozno orijentisana preduze\u0107a i preduze\u0107a koja vode \u017eene.<\/em><\/p>\n\n\n\n<p><strong>2. Pojedinci<\/strong><\/p>\n\n\n\n<p>Studenti svih ciklusa, mladi profesionalci i pojedinci stariji od 18 godina koji \u017eele unaprijediti digitalne, tehni\u010dke ili preduzetni\u010dke vje\u0161tine.<\/p>\n\n\n\n<p><strong>3. Start-up timovi<\/strong><\/p>\n\n\n\n<p>Timovi u ranoj fazi razvoja (ideja, prototip, prvi korisnici), posebno oni sa ambicijom ulaska na tr\u017ei\u0161te.<\/p>\n\n\n\n<p><strong>U\u010de\u0161\u0107e u programu je besplatno.<\/strong><\/p>\n\n\n\n<h4 class=\"wp-block-heading\"><strong>KAKO SE PRIJAVITI?<\/strong><\/h4>\n\n\n\n<p>U\u010desnici se prijavljuju putem prijavnih obrazaca, koji uklju\u010duju:<\/p>\n\n\n\n<p>1. osnovne informacije,<br>2. kratku samoprocjenu potreba i ciljeva,<br>3. odabir 2\u20135 modula.<\/p>\n\n\n\n<p>Rok za prijavu: <strong>22. decembar 2025.<\/strong><\/p>\n\n\n\n<p>Obavje\u0161tenje o selekciji u\u010desnika: <strong>30. decembar 2025.<\/strong><\/p>\n\n\n\n<p>Kursevi \u0107e biti organizirani u periodu <strong>januar 2026 \u2013 mart 2026<\/strong>.<\/p>\n\n\n\n<p>U nastavku odgovaraju\u0107i linkovi prijavnih obrazaca:<\/p>\n\n\n\n<p><a href=\"https:\/\/forms.office.com\/e\/NHCiF7teaH\"><strong>PRIJAVNI OBRAZAC ZA MSP<\/strong><\/a><\/p>\n\n\n\n<p><a href=\"https:\/\/forms.office.com\/e\/VjNbzuny6v\"><strong>PRIJAVNI OBRAZAC ZA POJEDINCE<\/strong><\/a><\/p>\n\n\n\n<p><a href=\"https:\/\/forms.office.com\/e\/nP8kQ5kiqT\"><strong>PRIJAVNI OBRAZAC ZA STARTUPE<\/strong><\/a><\/p>\n\n\n\n<p><strong>Tekst Javnog poziva sa detaljnim informacijama:&nbsp; <\/strong><a href=\"https:\/\/fablab.ba\/wp-content\/uploads\/2025\/11\/JAVNI-POZIV-FabLab-trening-program-2025-2026.pdf\">JAVNI POZIV FabLab trening program 2025-2026<\/a><\/p>\n\n\n\n<p>Za dodatne informacije kontaktirajte:  info@fablab.ba<\/p>\n\n\n\n<p>Preuzeto sa: <a href=\"https:\/\/fablab.ba\/news\/javni-poziv-za-ucesce-u-obukama-fablab-programa-za-zelenu-i-digitalnu-transformaciju\/\" target=\"_blank\" rel=\"noreferrer noopener\">fablab.ba<\/a><\/p>\n","protected":false},"excerpt":{"rendered":"<p>FabLab Inovacijski Centar otvara prijave za u\u010de\u0161\u0107e u prvom ciklusu programa namijenjenog mikro, malim i srednjim preduze\u0107ima, studentima, mladim profesionalcima<\/p>\n","protected":false},"author":1,"featured_media":49014,"comment_status":"closed","ping_status":"open","sticky":false,"template":"","format":"standard","meta":{"om_disable_all_campaigns":false,"_monsterinsights_skip_tracking":false,"_monsterinsights_sitenote_active":false,"_monsterinsights_sitenote_note":"","_monsterinsights_sitenote_category":0,"footnotes":""},"categories":[4],"tags":[1682,14702,1799,3011,1681],"class_list":["post-49017","post","type-post","status-publish","format-standard","has-post-thumbnail","hentry","category-edukacija","tag-digitalna","tag-fablab","tag-obuke","tag-transformacija","tag-zelena"],"jetpack_featured_media_url":"https:\/\/www.mladibl.com\/wp-content\/uploads\/2025\/12\/JAVNI-POZIV-za-ucesce-u-obukama-FabLab-programa-za-zelenu-i-digitalnu-transformaciju.jpg","amp_enabled":true,"_links":{"self":[{"href":"https:\/\/www.mladibl.com\/index.php?rest_route=\/wp\/v2\/posts\/49017","targetHints":{"allow":["GET"]}}],"collection":[{"href":"https:\/\/www.mladibl.com\/index.php?rest_route=\/wp\/v2\/posts"}],"about":[{"href":"https:\/\/www.mladibl.com\/index.php?rest_route=\/wp\/v2\/types\/post"}],"author":[{"embeddable":true,"href":"https:\/\/www.mladibl.com\/index.php?rest_route=\/wp\/v2\/users\/1"}],"replies":[{"embeddable":true,"href":"https:\/\/www.mladibl.com\/index.php?rest_route=%2Fwp%2Fv2%2Fcomments&post=49017"}],"version-history":[{"count":1,"href":"https:\/\/www.mladibl.com\/index.php?rest_route=\/wp\/v2\/posts\/49017\/revisions"}],"predecessor-version":[{"id":49018,"href":"https:\/\/www.mladibl.com\/index.php?rest_route=\/wp\/v2\/posts\/49017\/revisions\/49018"}],"wp:featuredmedia":[{"embeddable":true,"href":"https:\/\/www.mladibl.com\/index.php?rest_route=\/wp\/v2\/media\/49014"}],"wp:attachment":[{"href":"https:\/\/www.mladibl.com\/index.php?rest_route=%2Fwp%2Fv2%2Fmedia&parent=49017"}],"wp:term":[{"taxonomy":"category","embeddable":true,"href":"https:\/\/www.mladibl.com\/index.php?rest_route=%2Fwp%2Fv2%2Fcategories&post=49017"},{"taxonomy":"post_tag","embeddable":true,"href":"https:\/\/www.mladibl.com\/index.php?rest_route=%2Fwp%2Fv2%2Ftags&post=49017"}],"curies":[{"name":"wp","href":"https:\/\/api.w.org\/{rel}","templated":true}]}}