{"id":49008,"date":"2025-12-11T08:31:35","date_gmt":"2025-12-11T06:31:35","guid":{"rendered":"https:\/\/www.mladibl.com\/?p=49008"},"modified":"2025-12-11T08:31:41","modified_gmt":"2025-12-11T06:31:41","slug":"petak-u-banskom-dvoru-koncert-cuvenog-madarskog-pijaniste-derda-oraveca","status":"publish","type":"post","link":"https:\/\/www.mladibl.com\/?p=49008","title":{"rendered":"Petak u Banskom dvoru: Koncert \u010duvenog ma\u0111arskog pijaniste \u0110er\u0111a Oraveca"},"content":{"rendered":"\n<hr class=\"wp-block-separator has-alpha-channel-opacity\"\/>\n\n\n\n<p>U Koncertnoj dvorani Kulturnog centra Banski dvor u petak, 12. decembra od 19.00 \u010dasova bi\u0107e odr\u017ean koncert \u010duvenog ma\u0111arskog pijaniste \u0110er\u0111a Oraveca.<\/p>\n\n\n\n<p>-\u0110eor\u0111 Oravec je ro\u0111en u Budimpe\u0161ti 1963. godine i klavir je po\u010deo da svira sa osam godina.<br>Diplomirao je na Franz Liszt Music Academy, gde su mu profesori bili Istv\u00e1n Lantos i Zolt\u00e1n Kocsis. 1985. godine osvojio je posebnu nagradu Cziffra Foundation na Hungarian Radio Piano Competition. Poslije toga postaje poznat prije svega kao Liszt specijalista. Nastupao je u Austriji, Brazilu, Francuskoj, Hrvatskoj,<\/p>\n\n\n\n<p>Koncert se organizuje u saradnji sa Ambasadom Ma\u0111arske u Bosni i Hercegovini, a besplatne pozivnice mo\u017eete preuzeti na biletarnici Banskog dvora u periodu od 12.00 do 18.00 \u010dasova.<\/p>\n\n\n\n<p>Preuzeto sa: <a href=\"https:\/\/www.banjaluka.rs.ba\/petak-u-banskom-dvoru-koncert-cuvenog-m\/\" target=\"_blank\" rel=\"noreferrer noopener\">banjaluka.rs.ba<\/a><\/p>\n","protected":false},"excerpt":{"rendered":"<p>U Koncertnoj dvorani Kulturnog centra Banski dvor u petak, 12. decembra od 19.00 \u010dasova bi\u0107e odr\u017ean koncert \u010duvenog ma\u0111arskog pijaniste<\/p>\n","protected":false},"author":1,"featured_media":49009,"comment_status":"closed","ping_status":"open","sticky":false,"template":"","format":"standard","meta":{"om_disable_all_campaigns":false,"_monsterinsights_skip_tracking":false,"_monsterinsights_sitenote_active":false,"_monsterinsights_sitenote_note":"","_monsterinsights_sitenote_category":0,"footnotes":""},"categories":[2],"tags":[881,14699,3536,13459],"class_list":["post-49008","post","type-post","status-publish","format-standard","has-post-thumbnail","hentry","category-vijesti","tag-banski-dvor","tag-deord-oravec","tag-koncert","tag-pijanista"],"jetpack_featured_media_url":"https:\/\/www.mladibl.com\/wp-content\/uploads\/2025\/12\/Petak-u-Banskom-dvoru_-Koncert-cuvenog-madarskog-pijaniste-Derda-Oraveca.jpg","amp_enabled":true,"_links":{"self":[{"href":"https:\/\/www.mladibl.com\/index.php?rest_route=\/wp\/v2\/posts\/49008","targetHints":{"allow":["GET"]}}],"collection":[{"href":"https:\/\/www.mladibl.com\/index.php?rest_route=\/wp\/v2\/posts"}],"about":[{"href":"https:\/\/www.mladibl.com\/index.php?rest_route=\/wp\/v2\/types\/post"}],"author":[{"embeddable":true,"href":"https:\/\/www.mladibl.com\/index.php?rest_route=\/wp\/v2\/users\/1"}],"replies":[{"embeddable":true,"href":"https:\/\/www.mladibl.com\/index.php?rest_route=%2Fwp%2Fv2%2Fcomments&post=49008"}],"version-history":[{"count":1,"href":"https:\/\/www.mladibl.com\/index.php?rest_route=\/wp\/v2\/posts\/49008\/revisions"}],"predecessor-version":[{"id":49010,"href":"https:\/\/www.mladibl.com\/index.php?rest_route=\/wp\/v2\/posts\/49008\/revisions\/49010"}],"wp:featuredmedia":[{"embeddable":true,"href":"https:\/\/www.mladibl.com\/index.php?rest_route=\/wp\/v2\/media\/49009"}],"wp:attachment":[{"href":"https:\/\/www.mladibl.com\/index.php?rest_route=%2Fwp%2Fv2%2Fmedia&parent=49008"}],"wp:term":[{"taxonomy":"category","embeddable":true,"href":"https:\/\/www.mladibl.com\/index.php?rest_route=%2Fwp%2Fv2%2Fcategories&post=49008"},{"taxonomy":"post_tag","embeddable":true,"href":"https:\/\/www.mladibl.com\/index.php?rest_route=%2Fwp%2Fv2%2Ftags&post=49008"}],"curies":[{"name":"wp","href":"https:\/\/api.w.org\/{rel}","templated":true}]}}