{"id":48990,"date":"2025-12-09T20:20:26","date_gmt":"2025-12-09T18:20:26","guid":{"rendered":"https:\/\/www.mladibl.com\/?p=48990"},"modified":"2025-12-09T20:21:14","modified_gmt":"2025-12-09T18:21:14","slug":"poetsko-muzicko-vece-ucenika-medicinske-skole","status":"publish","type":"post","link":"https:\/\/www.mladibl.com\/?p=48990","title":{"rendered":"Poetsko-muzi\u010dko ve\u010de u\u010denika Medicinske \u0161kole"},"content":{"rendered":"\n<p>U \u010detvrtak 11. 12. 2025. odr\u017ea\u0107e se drugo novogodi\u0161nje \u201ePoetsko-muzi\u010dko ve\u010de\u201c humanitarnog karaktera u Domu omladine, koje su pripremili u\u010denici Medicinske \u0161kole.&nbsp;<\/p>\n\n\n\n<p>Kroz posebno pripremljen sadr\u017eaj, ispunjen poezijom i muzikom, u\u010denici Medicinske \u0161kole \u0107e se potruditi da svim gostima uljep\u0161aju pretprazni\u010dko vrijeme i poka\u017eu svoje talente i humanost.&nbsp;<\/p>\n\n\n\n<p>Sva sredstva prikupljena od ulaznica bi\u0107e donirana u humanitarne svrhe.<\/p>\n\n\n\n<p>Budite nam gosti i budimo humani!<\/p>\n\n\n\n<p>Dom omladine<br>11. 12. 2025.<br>19:30 \u010dasova<\/p>\n\n\n\n<figure class=\"wp-block-image size-large\"><img loading=\"lazy\" decoding=\"async\" width=\"724\" height=\"1024\" src=\"http:\/\/www.mladibl.com\/wp-content\/uploads\/2025\/12\/Poetsko-muzicko-vece-ucenika-Medicinske-skole-724x1024.jpg\" alt=\"Poetsko-muzi\u010dko ve\u010de u\u010denika Medicinske \u0161kole\" class=\"wp-image-48984\" srcset=\"https:\/\/www.mladibl.com\/wp-content\/uploads\/2025\/12\/Poetsko-muzicko-vece-ucenika-Medicinske-skole-724x1024.jpg 724w, https:\/\/www.mladibl.com\/wp-content\/uploads\/2025\/12\/Poetsko-muzicko-vece-ucenika-Medicinske-skole-212x300.jpg 212w, https:\/\/www.mladibl.com\/wp-content\/uploads\/2025\/12\/Poetsko-muzicko-vece-ucenika-Medicinske-skole-768x1086.jpg 768w, https:\/\/www.mladibl.com\/wp-content\/uploads\/2025\/12\/Poetsko-muzicko-vece-ucenika-Medicinske-skole.jpg 800w\" sizes=\"auto, (max-width: 724px) 100vw, 724px\" \/><\/figure>\n\n\n\n<p>Izvor: Saop\u0161tenje<\/p>\n","protected":false},"excerpt":{"rendered":"<p>U \u010detvrtak 11. 12. 2025. odr\u017ea\u0107e se drugo novogodi\u0161nje \u201ePoetsko-muzi\u010dko ve\u010de\u201c humanitarnog karaktera u Domu omladine, koje su pripremili u\u010denici<\/p>\n","protected":false},"author":1,"featured_media":48984,"comment_status":"closed","ping_status":"open","sticky":false,"template":"","format":"standard","meta":{"om_disable_all_campaigns":false,"_monsterinsights_skip_tracking":false,"_monsterinsights_sitenote_active":false,"_monsterinsights_sitenote_note":"","_monsterinsights_sitenote_category":0,"footnotes":""},"categories":[6],"tags":[11700,5843,5842],"class_list":["post-48990","post","type-post","status-publish","format-standard","has-post-thumbnail","hentry","category-dogadjaji","tag-medicinska-skola","tag-muzicko","tag-poetsko"],"jetpack_featured_media_url":"https:\/\/www.mladibl.com\/wp-content\/uploads\/2025\/12\/Poetsko-muzicko-vece-ucenika-Medicinske-skole.jpg","amp_enabled":true,"_links":{"self":[{"href":"https:\/\/www.mladibl.com\/index.php?rest_route=\/wp\/v2\/posts\/48990","targetHints":{"allow":["GET"]}}],"collection":[{"href":"https:\/\/www.mladibl.com\/index.php?rest_route=\/wp\/v2\/posts"}],"about":[{"href":"https:\/\/www.mladibl.com\/index.php?rest_route=\/wp\/v2\/types\/post"}],"author":[{"embeddable":true,"href":"https:\/\/www.mladibl.com\/index.php?rest_route=\/wp\/v2\/users\/1"}],"replies":[{"embeddable":true,"href":"https:\/\/www.mladibl.com\/index.php?rest_route=%2Fwp%2Fv2%2Fcomments&post=48990"}],"version-history":[{"count":1,"href":"https:\/\/www.mladibl.com\/index.php?rest_route=\/wp\/v2\/posts\/48990\/revisions"}],"predecessor-version":[{"id":48991,"href":"https:\/\/www.mladibl.com\/index.php?rest_route=\/wp\/v2\/posts\/48990\/revisions\/48991"}],"wp:featuredmedia":[{"embeddable":true,"href":"https:\/\/www.mladibl.com\/index.php?rest_route=\/wp\/v2\/media\/48984"}],"wp:attachment":[{"href":"https:\/\/www.mladibl.com\/index.php?rest_route=%2Fwp%2Fv2%2Fmedia&parent=48990"}],"wp:term":[{"taxonomy":"category","embeddable":true,"href":"https:\/\/www.mladibl.com\/index.php?rest_route=%2Fwp%2Fv2%2Fcategories&post=48990"},{"taxonomy":"post_tag","embeddable":true,"href":"https:\/\/www.mladibl.com\/index.php?rest_route=%2Fwp%2Fv2%2Ftags&post=48990"}],"curies":[{"name":"wp","href":"https:\/\/api.w.org\/{rel}","templated":true}]}}