{"id":48988,"date":"2025-12-09T20:18:12","date_gmt":"2025-12-09T18:18:12","guid":{"rendered":"https:\/\/www.mladibl.com\/?p=48988"},"modified":"2025-12-09T20:18:28","modified_gmt":"2025-12-09T18:18:28","slug":"kuca-milanovica-tokom-ove-sedmice-tribine-izlozbe-i-koncerti","status":"publish","type":"post","link":"https:\/\/www.mladibl.com\/?p=48988","title":{"rendered":"Ku\u0107a Milanovi\u0107a: Tokom ove sedmice tribine, izlo\u017ebe i koncerti"},"content":{"rendered":"\n<hr class=\"wp-block-separator has-alpha-channel-opacity\"\/>\n\n\n\n<p>Tokom ove sedmice sve posjetioce u Ku\u0107i Milanovi\u0107a o\u010dekuje bogat program. Nakon sino\u0107nje ve\u010deri guslara, ve\u0107 danas su planirana dva doga\u0111aja.<\/p>\n\n\n\n<p>Kompletan program za ovu sedmicu pogledajte u nastavku.<\/p>\n\n\n\n<p>Utorak, 9. decembar<br>\u2022 14.00\u201315.00 \u2013 Tribina \u201e\u017dene u energiji i karijere budu\u0107nosti\u201c<br>\u2022 19.30 \u2013 \u201eNadbiskup Stepinac i genocid nad Srbima i Jevrejima u NDH\u201c<\/p>\n\n\n\n<p>Srijeda, 10. decembar<br>\u2022 19.00 \u2013 Tribina \u201eDva vijeka od ro\u0111enja \u0110ure Dani\u010di\u0107a\u201c<br>\u2022 19.00 \u2013 Promocija zvu\u010dne knjige Aleksandre Savi\u0107 \u201ePrinceza Banjaluka\u201c<\/p>\n\n\n\n<p>\u010cetvrtak, 11. decembar<br>\u2022 17.00 \u2013 \u0160kola gusala \u201eSandi\u0107\u201c<br>\u2022 17.00 \u2013 Sve\u010dana akademija Udru\u017eenja Makedonaca<br>\u2022 19.00 \u2013 Koncert U\u0160 \u201eVlado Milo\u0161evi\u0107\u201c<\/p>\n\n\n\n<p>Petak, 12. decembar<br>\u2022 18.00 \u2013 Otvaranje izlo\u017ebe mr Maje Dejanovi\u0107 \u201eIvo Andri\u0107 \u2013 nobelovac\u201c<br>\u2022 18.00 \u2013 \u201eTransponovanje narodne no\u0161nje u savremene odjevne forme\u201c<br>\u2022 19.00 \u2013 Koncert \u201eBanjalu\u010dka svita\u201c<br>\u2022 20.00 \u2013 Otvaranje izlo\u017ebe Perice Ivanovi\u0107a \u201eLira i kist\u201c<\/p>\n\n\n\n<p>Subota, 13. decembar<br>\u2022 11.00\u201313.00 \u2013 Dje\u010dija radionica \u201ePismeno\u201c<br>\u2022 19.00 \u2013 \u201eDan violine\u201d \u2013 Muzi\u010dki edukativni centar.<\/p>\n\n\n\n<p>Preuzeto sa: <a href=\"https:\/\/www.banjaluka.rs.ba\/kuca-milanovica-tokom-ove-sedmice-tri\/\" target=\"_blank\" rel=\"noreferrer noopener\">banjaluka.rs.ba<\/a><\/p>\n","protected":false},"excerpt":{"rendered":"<p>Tokom ove sedmice sve posjetioce u Ku\u0107i Milanovi\u0107a o\u010dekuje bogat program. Nakon sino\u0107nje ve\u010deri guslara, ve\u0107 danas su planirana dva<\/p>\n","protected":false},"author":1,"featured_media":48985,"comment_status":"closed","ping_status":"open","sticky":false,"template":"","format":"standard","meta":{"om_disable_all_campaigns":false,"_monsterinsights_skip_tracking":false,"_monsterinsights_sitenote_active":false,"_monsterinsights_sitenote_note":"","_monsterinsights_sitenote_category":0,"footnotes":""},"categories":[2],"tags":[10065,1102],"class_list":["post-48988","post","type-post","status-publish","format-standard","has-post-thumbnail","hentry","category-vijesti","tag-kuca-milanovica","tag-program"],"jetpack_featured_media_url":"https:\/\/www.mladibl.com\/wp-content\/uploads\/2025\/12\/Kuca-Milanovic.jpg","amp_enabled":true,"_links":{"self":[{"href":"https:\/\/www.mladibl.com\/index.php?rest_route=\/wp\/v2\/posts\/48988","targetHints":{"allow":["GET"]}}],"collection":[{"href":"https:\/\/www.mladibl.com\/index.php?rest_route=\/wp\/v2\/posts"}],"about":[{"href":"https:\/\/www.mladibl.com\/index.php?rest_route=\/wp\/v2\/types\/post"}],"author":[{"embeddable":true,"href":"https:\/\/www.mladibl.com\/index.php?rest_route=\/wp\/v2\/users\/1"}],"replies":[{"embeddable":true,"href":"https:\/\/www.mladibl.com\/index.php?rest_route=%2Fwp%2Fv2%2Fcomments&post=48988"}],"version-history":[{"count":1,"href":"https:\/\/www.mladibl.com\/index.php?rest_route=\/wp\/v2\/posts\/48988\/revisions"}],"predecessor-version":[{"id":48989,"href":"https:\/\/www.mladibl.com\/index.php?rest_route=\/wp\/v2\/posts\/48988\/revisions\/48989"}],"wp:featuredmedia":[{"embeddable":true,"href":"https:\/\/www.mladibl.com\/index.php?rest_route=\/wp\/v2\/media\/48985"}],"wp:attachment":[{"href":"https:\/\/www.mladibl.com\/index.php?rest_route=%2Fwp%2Fv2%2Fmedia&parent=48988"}],"wp:term":[{"taxonomy":"category","embeddable":true,"href":"https:\/\/www.mladibl.com\/index.php?rest_route=%2Fwp%2Fv2%2Fcategories&post=48988"},{"taxonomy":"post_tag","embeddable":true,"href":"https:\/\/www.mladibl.com\/index.php?rest_route=%2Fwp%2Fv2%2Ftags&post=48988"}],"curies":[{"name":"wp","href":"https:\/\/api.w.org\/{rel}","templated":true}]}}