{"id":48971,"date":"2025-12-08T23:14:22","date_gmt":"2025-12-08T21:14:22","guid":{"rendered":"https:\/\/www.mladibl.com\/?p=48971"},"modified":"2025-12-08T23:14:28","modified_gmt":"2025-12-08T21:14:28","slug":"otvoreni-pozivi-za-projekte-u-okviru-programa-kreativna-evropa","status":"publish","type":"post","link":"https:\/\/www.mladibl.com\/?p=48971","title":{"rendered":"Otvoreni pozivi za projekte u okviru programa Kreativna Evropa"},"content":{"rendered":"\n<p><strong>Program Kreativna Evropa &#8211; MEDIA objavio je javne pozive za dostavljanje projektnih prijedloga projekata u oblasti audio-vizuelne industrije.<\/strong><\/p>\n\n\n\n<p><strong>1. Podr\u0161ka umre\u017eavanju i tr\u017ei\u0161tima (CREA-MEDIA-2026-MARKETNET)<\/strong><\/p>\n\n\n\n<p>Cilj ovog poziva je pobolj\u0161anje promocije evropskog sadr\u017eaja na globalnom tr\u017ei\u0161tu i podsticanje saradnje me\u0111u svim dijelovima audio-vizuelnog lanca vrijednosti. Fokus je na podr\u0161ci tr\u017ei\u0161tima koja se fokusiraju na odre\u0111enu vrstu filmova ili inovativnog sadr\u017eaja, kao i na aktivnostima umre\u017eavanja me\u0111u stru\u010dnjacima radi zajedni\u010dkog stvaranja sadr\u017eaja i promocije evropskih talenata. Rok za podno\u0161enje projektnih prijedloga je 20. januar 2026. godine. Vi\u0161e informacija o pozivu dostupno je na<strong><a href=\"https:\/\/ec.europa.eu\/info\/funding-tenders\/opportunities\/portal\/screen\/opportunities\/topic-details\/CREA-MEDIA-2026-MARKETNET?isExactMatch=true&amp;status=31094501,31094502,31094503&amp;order=DESC&amp;pageNumber=3&amp;pageSize=50&amp;sortBy=startDate\" target=\"_blank\" rel=\"noreferrer noopener\">linku<\/a><\/strong>.<\/p>\n\n\n\n<p><strong>2. Filmovi u pokretu (CREA-MEDIA-2026-FILMOVE)<\/strong><\/p>\n\n\n\n<p>Kroz poziv \u201eFilmovi u pokretu\u02ee finansira\u0107e se projekti za panevropsku bioskopsku i\/ili onlajn distribuciju. Prijave treba da predstave adekvatne strategije za obezbje\u0111ivanje odr\u017eivije i ekolo\u0161ki osvije\u0161tene filmske industrije i za obezbje\u0111ivanje rodne ravnote\u017ee, inkluzije, raznolikosti i reprezentativnosti. Poziv je otvoren u dva ciklusa: prvi rok je 19. mart, a drugi rok 16. juli 2026. godine. Vi\u0161e informacija o pozivu dostupno je na<strong><a href=\"https:\/\/ec.europa.eu\/info\/funding-tenders\/opportunities\/portal\/screen\/opportunities\/topic-details\/CREA-MEDIA-2026-FILMOVE?isExactMatch=true&amp;status=31094501,31094502,31094503&amp;order=DESC&amp;pageNumber=3&amp;pageSize=50&amp;sortBy=startDate\" target=\"_blank\" rel=\"noreferrer noopener\">linku<\/a><\/strong>.<\/p>\n\n\n\n<p><strong>3. TV i onlajn sadr\u017eaji &#8211; dokumentarni projekti (CREA-MEDIA-2026-TVONLINE-2)<\/strong><\/p>\n\n\n\n<p>Cilj poziva je pove\u0107anje kapaciteta audio-vizuelnih producenata za razvoj i produkciju projekata i olak\u0161avanje evropskih i me\u0111unarodnih koprodukcija u sektoru televizije i onlajn sadr\u017eaja, posebno u domenu dokumentarnih projekata. Posebna pa\u017enja bi\u0107e posve\u0107ena projektima koji prikazuju inovativne aspekte u sadr\u017eaju i finansiranju. Rok za podno\u0161enje projektnih prijedloga je 7. maj 2026. godine. Vi\u0161e informacija o pozivu dostupno je na<strong><a href=\"https:\/\/ec.europa.eu\/info\/funding-tenders\/opportunities\/portal\/screen\/opportunities\/topic-details\/CREA-MEDIA-2026-FILMOVE?isExactMatch=true&amp;status=31094501,31094502,31094503&amp;order=DESC&amp;pageNumber=3&amp;pageSize=50&amp;sortBy=startDate\" target=\"_blank\" rel=\"noreferrer noopener\">linku<\/a>.<\/strong><\/p>\n\n\n\n<p><strong>Napomena:<\/strong> Molimo aplikante iz Republike Srpske da, ukoliko podnose prijedlog projekta u okviru bilo kojeg od navedenih poziva, potvrde prijavu na adresu elektronske po\u0161te: <a href=\"mailto:fondovieu@meoi.vladars.rs\">fondovieu@meoi.vladars.rs<\/a>.<\/p>\n\n\n\n<p>Preuzeto sa: <a href=\"https:\/\/unibl.org\/sr-lat\/vesti\/2025\/12\/otvoreni-pozivi-za-projekte-u-okviru-programa-kreativna-evropa\" target=\"_blank\" rel=\"noreferrer noopener\">unibl.org<\/a><\/p>\n\n\n\n<p><\/p>\n","protected":false},"excerpt":{"rendered":"<p>Program Kreativna Evropa &#8211; MEDIA objavio je javne pozive za dostavljanje projektnih prijedloga projekata u oblasti audio-vizuelne industrije. 1. Podr\u0161ka<\/p>\n","protected":false},"author":1,"featured_media":48947,"comment_status":"closed","ping_status":"open","sticky":false,"template":"","format":"standard","meta":{"om_disable_all_campaigns":false,"_monsterinsights_skip_tracking":false,"_monsterinsights_sitenote_active":false,"_monsterinsights_sitenote_note":"","_monsterinsights_sitenote_category":0,"footnotes":""},"categories":[7],"tags":[491,226,38],"class_list":["post-48971","post","type-post","status-publish","format-standard","has-post-thumbnail","hentry","category-grantovi","tag-grantovi","tag-kreativna-evropa","tag-projekti"],"jetpack_featured_media_url":"https:\/\/www.mladibl.com\/wp-content\/uploads\/2025\/12\/Otvoreni-pozivi-za-projekte-u-okviru-programa-Kreativna-Evropa.jpg","amp_enabled":true,"_links":{"self":[{"href":"https:\/\/www.mladibl.com\/index.php?rest_route=\/wp\/v2\/posts\/48971","targetHints":{"allow":["GET"]}}],"collection":[{"href":"https:\/\/www.mladibl.com\/index.php?rest_route=\/wp\/v2\/posts"}],"about":[{"href":"https:\/\/www.mladibl.com\/index.php?rest_route=\/wp\/v2\/types\/post"}],"author":[{"embeddable":true,"href":"https:\/\/www.mladibl.com\/index.php?rest_route=\/wp\/v2\/users\/1"}],"replies":[{"embeddable":true,"href":"https:\/\/www.mladibl.com\/index.php?rest_route=%2Fwp%2Fv2%2Fcomments&post=48971"}],"version-history":[{"count":1,"href":"https:\/\/www.mladibl.com\/index.php?rest_route=\/wp\/v2\/posts\/48971\/revisions"}],"predecessor-version":[{"id":48972,"href":"https:\/\/www.mladibl.com\/index.php?rest_route=\/wp\/v2\/posts\/48971\/revisions\/48972"}],"wp:featuredmedia":[{"embeddable":true,"href":"https:\/\/www.mladibl.com\/index.php?rest_route=\/wp\/v2\/media\/48947"}],"wp:attachment":[{"href":"https:\/\/www.mladibl.com\/index.php?rest_route=%2Fwp%2Fv2%2Fmedia&parent=48971"}],"wp:term":[{"taxonomy":"category","embeddable":true,"href":"https:\/\/www.mladibl.com\/index.php?rest_route=%2Fwp%2Fv2%2Fcategories&post=48971"},{"taxonomy":"post_tag","embeddable":true,"href":"https:\/\/www.mladibl.com\/index.php?rest_route=%2Fwp%2Fv2%2Ftags&post=48971"}],"curies":[{"name":"wp","href":"https:\/\/api.w.org\/{rel}","templated":true}]}}