{"id":48961,"date":"2025-12-08T23:03:39","date_gmt":"2025-12-08T21:03:39","guid":{"rendered":"https:\/\/www.mladibl.com\/?p=48961"},"modified":"2025-12-08T23:03:46","modified_gmt":"2025-12-08T21:03:46","slug":"interdisciplinarna-skola-klimatske-promjene-i-zagadenje-zraka","status":"publish","type":"post","link":"https:\/\/www.mladibl.com\/?p=48961","title":{"rendered":"Interdisciplinarna \u0161kola: \u201cKlimatske promjene i zaga\u0111enje zraka\u201d"},"content":{"rendered":"\n<p><strong>Interdisciplinarna \u0161kola<\/strong> <strong>\u201cKlimatske promjene i zaga\u0111enje zraka\u201d<\/strong> ima za cilj edukaciju i podizanje svijesti mladih \u2013 uklju\u010duju\u0107i maturante (u\u010denike srednjih \u0161kola), studente i druge zainteresirane \u2013 o kompleksnosti ove problematike i njenom uticaju na okoli\u0161 i dru\u0161tvo. \u0160kola ima za cilj potaknuti aktivno sudjelovanje u suo\u010davanju s izazovima koje klimatske promjene i zaga\u0111enje zraka donose, oja\u010dati njihov doprinos u rje\u0161avanju tih izazova, te posebno osna\u017eiti mlade da preuzmu aktivnu ulogu u odr\u017eivom razvoju i za\u0161titi okoli\u0161a.<\/p>\n\n\n\n<p>Program <strong>Interdisciplinarne \u0161kole<\/strong> <strong>\u201eKlimatske promjene i zaga\u0111enje zraka\u201c,<\/strong> kao necikli\u010dni program cjelo\u017eivotnog u\u010denja \u0107e trajati ukupno pet dana. Razvijen je kao projektna aktivnost uz podr\u0161ku UNICEF-a u Bosni i Hercegovini.<\/p>\n\n\n\n<p><strong>Interdisciplinarna \u0161kola \u201cKlimatske promjene i zaga\u0111enje zraka\u201d<\/strong>&nbsp; je namijenjena kandidatima\/kinjama koji\/e su:<\/p>\n\n\n\n<p>1)&nbsp;&nbsp;&nbsp;&nbsp;&nbsp;&nbsp;&nbsp;&nbsp; studenti na nekom od Univerziteta u BiH,<\/p>\n\n\n\n<p>2)&nbsp;&nbsp;&nbsp;&nbsp;&nbsp;&nbsp;&nbsp;&nbsp; zavr\u0161ili studij na nekom od Univerziteta u BiH,<\/p>\n\n\n\n<p>3)&nbsp;&nbsp;&nbsp;&nbsp;&nbsp;&nbsp;&nbsp;&nbsp; maturanti srednjih \u0161kola,<\/p>\n\n\n\n<p>4)&nbsp;&nbsp;&nbsp;&nbsp;&nbsp;&nbsp;&nbsp;&nbsp; ostali zainteresirani kandidati.<\/p>\n\n\n\n<p><strong>Interdisciplinarnu \u0161kolu \u201cKlimatske promjene i zaga\u0111enje zraka\u201d<\/strong> organiziramo zbog \u010dinjenice da klimatske promjene predstavljaju ozbiljnu prijetnju koja utje\u010de na sve aspekte ljudskog \u017eivota i na okoli\u0161, odnosno na planetu u cjelini. Njihove posljedice o\u010dituju se kroz gubitak biodiverziteta, porast prosje\u010dnih temperatura, zaga\u0111enje zraka, vode i tla, te pove\u0107anje u\u010destalosti i intenziteta ekstremnih vremenskih doga\u0111aja \u2013 poput obilnih oborina koje uzrokuju poplave i bujice, ali i su\u0161a, po\u017eara, pa \u010dak i odre\u0111enih oblika geolo\u0161kih nestabilnosti. Klimatske promjene imaju i zna\u010dajan utjecaj na ljudsko zdravlje, uklju\u010duju\u0107i \u0161irenje zaraznih bolesti.<\/p>\n\n\n\n<p>Posebno je zabrinjavaju\u0107e stanje u urbanim sredinama, gdje je ve\u0107ina stanovni\u0161tva izlo\u017eena zaga\u0111enju zraka koje \u010desto prema\u0161uje grani\u010dne vrijednosti definirane smjernicama Svjetske zdravstvene organizacije (WHO). Upravljanje kvalitetom zraka stoga je klju\u010dno za o\u010duvanje javnog zdravlja i smanjenje negativnih utjecaja na okoli\u0161.<\/p>\n\n\n\n<p>Edukacija stanovni\u0161tva, a posebno mladih, jedna je od klju\u010dnih mjera koje dugoro\u010dno mogu doprinijeti smanjenju utjecaja klimatskih promjena, kao i pove\u0107anju sposobnosti dru\u0161tva za prilagodbu i ubla\u017eavanje negativnih posljedica. Podizanje svijesti i znanja o va\u017enosti o\u010duvanja okoli\u0161a, utjecaju ljudskih aktivnosti na klimatske promjene, te o mjerama prevencije i pove\u0107anja otpornosti dru\u0161tva i pojedinca, ima klju\u010dnu ulogu u izgradnji odr\u017eive budu\u0107nosti.<\/p>\n\n\n\n<p><strong>Interdisciplinarna \u0161kola \u201cKlimatske promjene i zaga\u0111enje zraka\u201d<\/strong> nudi interdisciplinarni pristup u analizi ove kompleksne problematike. Kroz nastavni proces, interaktivne radionice, edukacijske kvizove, ciljana istra\u017eivanja uz podr\u0161ku mentora i terenske posjete, polaznici \u0107e razvijati znanje i razumijevanje o uzrocima i posljedicama klimatskih promjena i zaga\u0111enja zraka. Program je usmjeren na poticanje kriti\u010dkog promi\u0161ljanja, odr\u017eivog pona\u0161anja te osmi\u0161ljavanje i ja\u010danje mjera prevencije i za\u0161tite okoli\u0161a i dru\u0161tva.<\/p>\n\n\n\n<p>Interdisciplinarna \u0161kola \u201cKlimatske promjene i zaga\u0111enje zraka\u201d traje od 12. do 16. januara 2026. godine, a prijaviti se mo\u017eete na <a href=\"mailto:info@cis.unsa.ba\">info@cis.unsa.ba<\/a>&nbsp; do 19. decembra 2025.<\/p>\n\n\n\n<p>Preuzeto sa: <a href=\"https:\/\/cis.unsa.ba\/bhs\/programi\/cjelozivotno-ucenje\/interdisciplinarna-skola-klimatske-promjene-i-zagadenje-zraka\/\" target=\"_blank\" rel=\"noreferrer noopener\">cis.unsa.ba<\/a><\/p>\n","protected":false},"excerpt":{"rendered":"<p>Interdisciplinarna \u0161kola \u201cKlimatske promjene i zaga\u0111enje zraka\u201d ima za cilj edukaciju i podizanje svijesti mladih \u2013 uklju\u010duju\u0107i maturante (u\u010denike srednjih<\/p>\n","protected":false},"author":1,"featured_media":48952,"comment_status":"closed","ping_status":"open","sticky":false,"template":"","format":"standard","meta":{"om_disable_all_campaigns":false,"_monsterinsights_skip_tracking":false,"_monsterinsights_sitenote_active":false,"_monsterinsights_sitenote_note":"","_monsterinsights_sitenote_category":0,"footnotes":""},"categories":[4],"tags":[14684,3129,14685],"class_list":["post-48961","post","type-post","status-publish","format-standard","has-post-thumbnail","hentry","category-edukacija","tag-interdisciplinarna-skola","tag-klimatske-promjene","tag-zagadenje-zraka"],"jetpack_featured_media_url":"https:\/\/www.mladibl.com\/wp-content\/uploads\/2025\/12\/Klimatske-promjene-i-zagadenje-zraka.jpg","amp_enabled":true,"_links":{"self":[{"href":"https:\/\/www.mladibl.com\/index.php?rest_route=\/wp\/v2\/posts\/48961","targetHints":{"allow":["GET"]}}],"collection":[{"href":"https:\/\/www.mladibl.com\/index.php?rest_route=\/wp\/v2\/posts"}],"about":[{"href":"https:\/\/www.mladibl.com\/index.php?rest_route=\/wp\/v2\/types\/post"}],"author":[{"embeddable":true,"href":"https:\/\/www.mladibl.com\/index.php?rest_route=\/wp\/v2\/users\/1"}],"replies":[{"embeddable":true,"href":"https:\/\/www.mladibl.com\/index.php?rest_route=%2Fwp%2Fv2%2Fcomments&post=48961"}],"version-history":[{"count":1,"href":"https:\/\/www.mladibl.com\/index.php?rest_route=\/wp\/v2\/posts\/48961\/revisions"}],"predecessor-version":[{"id":48962,"href":"https:\/\/www.mladibl.com\/index.php?rest_route=\/wp\/v2\/posts\/48961\/revisions\/48962"}],"wp:featuredmedia":[{"embeddable":true,"href":"https:\/\/www.mladibl.com\/index.php?rest_route=\/wp\/v2\/media\/48952"}],"wp:attachment":[{"href":"https:\/\/www.mladibl.com\/index.php?rest_route=%2Fwp%2Fv2%2Fmedia&parent=48961"}],"wp:term":[{"taxonomy":"category","embeddable":true,"href":"https:\/\/www.mladibl.com\/index.php?rest_route=%2Fwp%2Fv2%2Fcategories&post=48961"},{"taxonomy":"post_tag","embeddable":true,"href":"https:\/\/www.mladibl.com\/index.php?rest_route=%2Fwp%2Fv2%2Ftags&post=48961"}],"curies":[{"name":"wp","href":"https:\/\/api.w.org\/{rel}","templated":true}]}}