{"id":4860,"date":"2020-12-15T09:27:15","date_gmt":"2020-12-15T07:27:15","guid":{"rendered":"http:\/\/www.mladibl.com\/?p=4860"},"modified":"2020-12-15T09:27:18","modified_gmt":"2020-12-15T07:27:18","slug":"novi-program-erasmus-2021-2027-je-spreman","status":"publish","type":"post","link":"https:\/\/www.mladibl.com\/?p=4860","title":{"rendered":"Novi program Erasmus+ (2021-2027) je spreman!"},"content":{"rendered":"\n<p>Sa ambicioznijim bud\u017eetom od preko 26 milijardi evra, novi program nec\u0301e biti samo inkluzivniji i me\u0111unarodni, vec\u0301 i vi\u0161e digitalno i zeleno orijentisan! <\/p>\n\n\n\n<p>Bi\u0107e klju\u010dan za postizanje okvira Evropskog obrazovnog prostora do 2025. godine, pru\u017ea\u0107e broje nove mogu\u0107nosti za omladinske razmjene i mobilnost mladih, podr\u017eava\u0107e inovativne metode u\u010denja, promovisa\u0107e zelene i digitalne vje\u0161tine i podr\u017eava\u0107e nove vode\u0107e inicijative poput #EuopeanUniversities i #DiscoverEU! <\/p>\n\n\n\n<p>Sve ovo \u0107e zavisiti od ukupnih pregovora o vi\u0161egodi\u0161njem finansijskom okviru, a to zna\u010di da po\u010detak novog programa zavisi od kona\u010dnog odobrenja sljede\u0107eg dugoro\u010dnog bud\u017eeta od strane Vlada i institucija.<\/p>\n\n\n\n<p>Vi\u0161e o samom politi\u010dkom dogovorui i okviru u kome je pripremljen novi Erasmus+ program mo\u017eete pogledati <strong><a href=\"https:\/\/ec.europa.eu\/commission\/presscorner\/detail\/en\/IP_20_2317\" target=\"_blank\" rel=\"noreferrer noopener\" aria-label=\"ovdje (opens in a new tab)\">ovdje<\/a><\/strong>.<\/p>\n","protected":false},"excerpt":{"rendered":"<p>Sa ambicioznijim bud\u017eetom od preko 26 milijardi evra, novi program nec\u0301e biti samo inkluzivniji i me\u0111unarodni, vec\u0301 i vi\u0161e digitalno<\/p>\n","protected":false},"author":1,"featured_media":4861,"comment_status":"closed","ping_status":"open","sticky":false,"template":"","format":"standard","meta":{"om_disable_all_campaigns":false,"_monsterinsights_skip_tracking":false,"_monsterinsights_sitenote_active":false,"_monsterinsights_sitenote_note":"","_monsterinsights_sitenote_category":0,"footnotes":""},"categories":[2],"tags":[20,33,1258,1102,2094,2464],"class_list":["post-4860","post","type-post","status-publish","format-standard","has-post-thumbnail","hentry","category-vijesti","tag-erasmus","tag-mladi","tag-mobilnost","tag-program","tag-razmjene","tag-ucenje"],"jetpack_featured_media_url":"https:\/\/www.mladibl.com\/wp-content\/uploads\/2020\/12\/Novi-program-Erasmus-2021-2027-je-spreman.jpg","amp_enabled":true,"_links":{"self":[{"href":"https:\/\/www.mladibl.com\/index.php?rest_route=\/wp\/v2\/posts\/4860","targetHints":{"allow":["GET"]}}],"collection":[{"href":"https:\/\/www.mladibl.com\/index.php?rest_route=\/wp\/v2\/posts"}],"about":[{"href":"https:\/\/www.mladibl.com\/index.php?rest_route=\/wp\/v2\/types\/post"}],"author":[{"embeddable":true,"href":"https:\/\/www.mladibl.com\/index.php?rest_route=\/wp\/v2\/users\/1"}],"replies":[{"embeddable":true,"href":"https:\/\/www.mladibl.com\/index.php?rest_route=%2Fwp%2Fv2%2Fcomments&post=4860"}],"version-history":[{"count":1,"href":"https:\/\/www.mladibl.com\/index.php?rest_route=\/wp\/v2\/posts\/4860\/revisions"}],"predecessor-version":[{"id":4862,"href":"https:\/\/www.mladibl.com\/index.php?rest_route=\/wp\/v2\/posts\/4860\/revisions\/4862"}],"wp:featuredmedia":[{"embeddable":true,"href":"https:\/\/www.mladibl.com\/index.php?rest_route=\/wp\/v2\/media\/4861"}],"wp:attachment":[{"href":"https:\/\/www.mladibl.com\/index.php?rest_route=%2Fwp%2Fv2%2Fmedia&parent=4860"}],"wp:term":[{"taxonomy":"category","embeddable":true,"href":"https:\/\/www.mladibl.com\/index.php?rest_route=%2Fwp%2Fv2%2Fcategories&post=4860"},{"taxonomy":"post_tag","embeddable":true,"href":"https:\/\/www.mladibl.com\/index.php?rest_route=%2Fwp%2Fv2%2Ftags&post=4860"}],"curies":[{"name":"wp","href":"https:\/\/api.w.org\/{rel}","templated":true}]}}