{"id":4858,"date":"2020-12-15T09:12:33","date_gmt":"2020-12-15T07:12:33","guid":{"rendered":"http:\/\/www.mladibl.com\/?p=4858"},"modified":"2020-12-15T09:12:35","modified_gmt":"2020-12-15T07:12:35","slug":"pocinju-dani-vlade-s-milosevica-2020","status":"publish","type":"post","link":"https:\/\/www.mladibl.com\/?p=4858","title":{"rendered":"Po\u010dinju \u201eDani Vlade S. Milo\u0161evi\u0107a 2020\u201c"},"content":{"rendered":"\n<p>Akademija umjetnosti Univerziteta u Banjoj Luci od 14. do 17. decembra organizuje kulturnu manifestaciju \u201eDani Vlade S. Milo\u0161evi\u0107a 2020\u201c.<\/p>\n\n\n\n<p>Ovo je tradicionalna manifestacija, koja se odr\u017eava od 2000. godine, a ustanovljena je povodom obilje\u017eavanja godi\u0161njice ro\u0111enja akademika Vlade S. Milo\u0161evi\u0107a, kompozitora, etnomuzikologa i pedagoga.<\/p>\n\n\n\n<p>Zbog pandemije virusa korona, pomjeren je i termin odr\u017eavanja manifestacije \u201cDani Vlade S. Milo\u0161evi\u0107a\u201d koja se ina\u010de odr\u017eava u aprilu.<\/p>\n\n\n\n<p>U realizaciji programskih aktivnosti ovogodi\u0161nje manifestacije u\u010destvuju studenti i profesori Akademije umjetnosti Univerziteta u Banjoj Luci, te istaknuti umjetnici.<\/p>\n\n\n\n<p>Umjetni\u010dki program \u0107e se izvoditi u prostorijama Kulturnog centra \u201eBanski dvor\u201c i Akademije umjetnosti. U okviru manifestacije bi\u0107e dodijeljene nagrade najboljim studentima studijskog programa Muzi\u010dke umjetnosti.<\/p>\n\n\n\n<p>Program pogledajte <strong><a href=\"http:\/\/www.banjaluka.rs.ba\/wp-content\/uploads\/2020\/12\/Dani-Vlade-Milosevica.jpg\" target=\"_blank\" rel=\"noreferrer noopener\" aria-label=\"ovdje (opens in a new tab)\">ovdje<\/a><\/strong>.<\/p>\n\n\n\n<p>Preuzeto sa: <a href=\"http:\/\/www.banjaluka.rs.ba\/pocinju-dani-vlade-s-milosevica\/\" target=\"_blank\" rel=\"noreferrer noopener\" aria-label=\"Grad Banja Luka (opens in a new tab)\">Grad Banja Luka<\/a><\/p>\n","protected":false},"excerpt":{"rendered":"<p>Akademija umjetnosti Univerziteta u Banjoj Luci od 14. do 17. decembra organizuje kulturnu manifestaciju \u201eDani Vlade S. Milo\u0161evi\u0107a 2020\u201c. Ovo<\/p>\n","protected":false},"author":1,"featured_media":4763,"comment_status":"closed","ping_status":"open","sticky":false,"template":"","format":"standard","meta":{"om_disable_all_campaigns":false,"_monsterinsights_skip_tracking":false,"_monsterinsights_sitenote_active":false,"_monsterinsights_sitenote_note":"","_monsterinsights_sitenote_category":0,"footnotes":""},"categories":[2],"tags":[53,2399,2398],"class_list":["post-4858","post","type-post","status-publish","format-standard","has-post-thumbnail","hentry","category-vijesti","tag-banja-luka","tag-dani-vlade-s-milosevica","tag-kulturna-manifestacija"],"jetpack_featured_media_url":"https:\/\/www.mladibl.com\/wp-content\/uploads\/2020\/12\/Kulturna-manifestacija-\u201eDani-Vlade-S.-Milo\u0161evi\u0107a-2020\u201c.jpg","amp_enabled":true,"_links":{"self":[{"href":"https:\/\/www.mladibl.com\/index.php?rest_route=\/wp\/v2\/posts\/4858","targetHints":{"allow":["GET"]}}],"collection":[{"href":"https:\/\/www.mladibl.com\/index.php?rest_route=\/wp\/v2\/posts"}],"about":[{"href":"https:\/\/www.mladibl.com\/index.php?rest_route=\/wp\/v2\/types\/post"}],"author":[{"embeddable":true,"href":"https:\/\/www.mladibl.com\/index.php?rest_route=\/wp\/v2\/users\/1"}],"replies":[{"embeddable":true,"href":"https:\/\/www.mladibl.com\/index.php?rest_route=%2Fwp%2Fv2%2Fcomments&post=4858"}],"version-history":[{"count":1,"href":"https:\/\/www.mladibl.com\/index.php?rest_route=\/wp\/v2\/posts\/4858\/revisions"}],"predecessor-version":[{"id":4859,"href":"https:\/\/www.mladibl.com\/index.php?rest_route=\/wp\/v2\/posts\/4858\/revisions\/4859"}],"wp:featuredmedia":[{"embeddable":true,"href":"https:\/\/www.mladibl.com\/index.php?rest_route=\/wp\/v2\/media\/4763"}],"wp:attachment":[{"href":"https:\/\/www.mladibl.com\/index.php?rest_route=%2Fwp%2Fv2%2Fmedia&parent=4858"}],"wp:term":[{"taxonomy":"category","embeddable":true,"href":"https:\/\/www.mladibl.com\/index.php?rest_route=%2Fwp%2Fv2%2Fcategories&post=4858"},{"taxonomy":"post_tag","embeddable":true,"href":"https:\/\/www.mladibl.com\/index.php?rest_route=%2Fwp%2Fv2%2Ftags&post=4858"}],"curies":[{"name":"wp","href":"https:\/\/api.w.org\/{rel}","templated":true}]}}