{"id":4805,"date":"2020-12-12T01:38:14","date_gmt":"2020-12-11T23:38:14","guid":{"rendered":"http:\/\/www.mladibl.com\/?p=4805"},"modified":"2020-12-12T01:38:17","modified_gmt":"2020-12-11T23:38:17","slug":"potpisan-sporazum-o-saradnji-osam-javnih-univerziteta","status":"publish","type":"post","link":"https:\/\/www.mladibl.com\/?p=4805","title":{"rendered":"Potpisan Sporazum o saradnji osam javnih univerziteta"},"content":{"rendered":"\n<p>Tokom sjednice Rektorske konferencije\/zbora Bosne i Hercegovine, odr\u017eane 10. decembra 2020. godine u Mostaru, potpisan je Sporazum o me\u0111usobnom razumijevanju i saradnji.<\/p>\n\n\n\n<p>Rektori osam javnih univerziteta u Bosni i Hercegovini potpisali su Sporazum kojim se predvi\u0111a saradnja u obrazovnom i nau\u010dnim oblastima koji su zastupljeni na svim javnim visoko\u0161kolskim ustanovama.<\/p>\n\n\n\n<p>Sporazumom su dogovorene me\u0111usobne posjeta, studijska putovanja, te konsultacije nastavnika i nau\u010dnika radi me\u0111usobne razmjene iskustava u nau\u010dno-nastavnom procesu. Ovaj Sporazum, predvi\u0111a i saradnju na nau\u010dnim skupovima, konferencijama, ali i drugim nau\u010dnim i stru\u010dnim doga\u0111ajima. Popisnici su saglasni i da udru\u017eenim snagama rade na promovisanju akademskih vrijednosti.<\/p>\n\n\n\n<p>Plan je da se udru\u017eenim snagama radi i u provo\u0111enju reformi visokog obrazovanja, a u cilju ispunjavanja pretpostavki za aktivnim i punopravnim u\u010de\u0161\u0107em u jedinstvenom evropskom prostoru visokog obrazovanja i evropskom istra\u017eiva\u010dkom prostoru. Sporazum predvi\u0111a i mobilnost nastavnika, saradnika, istra\u017eiva\u010da u okviru svih ciklusa studija, kao u me\u0111usobnu razmjenu nau\u010dnih informacija i publikacija.<\/p>\n\n\n\n<p>Tako\u0111e, ovim dokumentom se defini\u0161e i utvr\u0111uje  zajedni\u010dki osnov i jedinstveno djelovanje prema institucijama od zna\u010daja za visoko obrazovanje kako u BiH, tako i u me\u0111unarodnim tokovima.<\/p>\n\n\n\n<p>Tokom ove sjednice Rektorske konferencije\/zbora, upu\u0107en je apel Savjetu ministara i Ministarstvu civilnih poslova BiH, da ubrzaju procedure oko izbora i imenovanja novog menad\u017ementa i Upravnog odbora Agencije za razvoj visokog obrazovanja i osiguranje kvaliteta Bosne i Hercegovine.<\/p>\n\n\n\n<p>Rektori javnih visoko\u0161kolskih ustanova razgovarali su i o drugim va\u017enim i aktuelnim temama vezanim za visoko obrazovanje.<\/p>\n\n\n\n<p>Preuzeto sa: <a href=\"https:\/\/unibl.org\/sr-lat\/vesti\/2020\/12\/potpisan-sporazum-o-saradnji-osam-javnih-univerziteta\" target=\"_blank\" rel=\"noreferrer noopener\" aria-label=\"Univerzitet u Banjoj Luci (opens in a new tab)\">Univerzitet u Banjoj Luci<\/a><\/p>\n","protected":false},"excerpt":{"rendered":"<p>Tokom sjednice Rektorske konferencije\/zbora Bosne i Hercegovine, odr\u017eane 10. decembra 2020. godine u Mostaru, potpisan je Sporazum o me\u0111usobnom razumijevanju<\/p>\n","protected":false},"author":1,"featured_media":4806,"comment_status":"closed","ping_status":"open","sticky":false,"template":"","format":"standard","meta":{"om_disable_all_campaigns":false,"_monsterinsights_skip_tracking":false,"_monsterinsights_sitenote_active":false,"_monsterinsights_sitenote_note":"","_monsterinsights_sitenote_category":0,"footnotes":""},"categories":[10],"tags":[860,2427,1488,2426],"class_list":["post-4805","post","type-post","status-publish","format-standard","has-post-thumbnail","hentry","category-institucije","tag-bosna-i-hercegovina","tag-javni-univerziteti","tag-saradnja","tag-sporazum"],"jetpack_featured_media_url":"https:\/\/www.mladibl.com\/wp-content\/uploads\/2020\/12\/Potpisan-Sporazum-o-saradnji-osam-javnih-univerziteta.jpg","amp_enabled":true,"_links":{"self":[{"href":"https:\/\/www.mladibl.com\/index.php?rest_route=\/wp\/v2\/posts\/4805","targetHints":{"allow":["GET"]}}],"collection":[{"href":"https:\/\/www.mladibl.com\/index.php?rest_route=\/wp\/v2\/posts"}],"about":[{"href":"https:\/\/www.mladibl.com\/index.php?rest_route=\/wp\/v2\/types\/post"}],"author":[{"embeddable":true,"href":"https:\/\/www.mladibl.com\/index.php?rest_route=\/wp\/v2\/users\/1"}],"replies":[{"embeddable":true,"href":"https:\/\/www.mladibl.com\/index.php?rest_route=%2Fwp%2Fv2%2Fcomments&post=4805"}],"version-history":[{"count":1,"href":"https:\/\/www.mladibl.com\/index.php?rest_route=\/wp\/v2\/posts\/4805\/revisions"}],"predecessor-version":[{"id":4807,"href":"https:\/\/www.mladibl.com\/index.php?rest_route=\/wp\/v2\/posts\/4805\/revisions\/4807"}],"wp:featuredmedia":[{"embeddable":true,"href":"https:\/\/www.mladibl.com\/index.php?rest_route=\/wp\/v2\/media\/4806"}],"wp:attachment":[{"href":"https:\/\/www.mladibl.com\/index.php?rest_route=%2Fwp%2Fv2%2Fmedia&parent=4805"}],"wp:term":[{"taxonomy":"category","embeddable":true,"href":"https:\/\/www.mladibl.com\/index.php?rest_route=%2Fwp%2Fv2%2Fcategories&post=4805"},{"taxonomy":"post_tag","embeddable":true,"href":"https:\/\/www.mladibl.com\/index.php?rest_route=%2Fwp%2Fv2%2Ftags&post=4805"}],"curies":[{"name":"wp","href":"https:\/\/api.w.org\/{rel}","templated":true}]}}