{"id":47971,"date":"2025-09-17T00:01:22","date_gmt":"2025-09-16T22:01:22","guid":{"rendered":"https:\/\/www.mladibl.com\/?p=47971"},"modified":"2025-09-17T00:09:31","modified_gmt":"2025-09-16T22:09:31","slug":"podrzi-ideju-akademija","status":"publish","type":"post","link":"https:\/\/www.mladibl.com\/?p=47971","title":{"rendered":"Podr\u017ei ideju Akademija"},"content":{"rendered":"\n<p>Prijavi se i osvoji podr\u0161ku za svoju ideju!<br>Ako si prepoznao\/la problem u dru\u0161tvu i ima\u0161 ideju i volju za njegovo rje\u0161avanje \u2013 ova akademija je idealna prilika za tebe!<br>Tra\u017eimo 30 mladih inovatora, lidera, preduzetnika i svih onih koji smatraju da je njihov poziv da kreiraju rje\u0161enja za probleme, a ne samo da se \u017eale na njih.<br>\u0160ta je Akademija?<br>Akademija je dvomjese\u010dni online program, u okviru kojeg \u0107emo ti pru\u017eiti sve potrebne alate, znanja i podr\u0161ku da svoju ideju izgradi\u0161 u konkretan i provodiv plan za realizaciju. Na\u0161i stru\u010dnjaci i tim s vi\u0161e od 20 godina iskustva u vo\u0111enju doma\u0107ih i me\u0111unarodnih projekata, te razvijanju ideja, pratit&#8217; \u0107ete kroz svaki korak \u2013 od formulisanja ideje, definisanja ciljeva i strategija, biznis modela i za one najbolje priliku za osiguravanje resursa za realizaciju planova.<br>Program zahtijeva minimalno 30 sati tvog anga\u017emana kroz interaktivne sesije, personalizovane smjernice i prakti\u010dne zadatke.<br><em>Trenutno se sve aktivnosti odr\u017eavaju online.<\/em><\/p>\n\n\n\n<p>\u0160ta nudimo?<br>Akademija ti omogu\u0107ava da nau\u010di\u0161 kako da kreira\u0161 efikasna i provodiva rje\u0161enja za dru\u0161tvene probleme.<br>Konkretno, fokusirat \u0107emo se na teme:<\/p>\n\n\n\n<ol class=\"wp-block-list\">\n<li>Analiza i istra\u017eivanja problema;<\/li>\n\n\n\n<li>Formulisanje i razvoj rje\u0161enja;<\/li>\n\n\n\n<li>Prihodovni model i izlazak na tr\u017ei\u0161te;<\/li>\n\n\n\n<li>Kako prikupljati sredstva;<\/li>\n\n\n\n<li>Marketing i promocija<\/li>\n\n\n\n<li>Pravni izazovi;<\/li>\n\n\n\n<li>Komunikacija i predstavljanje idejnog rje\u0161enja;<\/li>\n\n\n\n<li><\/li>\n<\/ol>\n\n\n\n<p>Na kraju programa, deset najperspektivnijih u\u010desnika dobit \u0107e dodatnu podr\u0161ku kroz na\u0161 mentorski program i mogu\u0107nost da dobiju financijska sredstva u vidu bespovratnih grant sredstava po izboru ekipe nakon mentorskog programa.<br>Kada akademija po\u010dinje?<br>Akademija po\u010dinje u prvoj sedmici oktobra i zavr\u0161ava sredinom decembra 2025. godine.<br>Ko se mo\u017ee prijaviti?<br>\u25cf Social impact ideja: Ideja mora rje\u0161avati odre\u0111eni problem od interesa za zajednicu ili vi\u0161e zajednica u BiH. Mo\u017ee biti profitna ili neprofitna (sa prihodovnim elementima).<br>\u25cf Dob: Od 18 do 35 godina<br>\u25cf Pojedinci i Timovi (timovi \u0161alju jednog predstavnika na akademiju).<br>\u0160ta o\u010dekujemo od polaznika<\/p>\n\n\n\n<ol class=\"wp-block-list\">\n<li>Posve\u0107enost ideji: \u017eelimo mlade osobe koje su strastvene i posve\u0107ene svojoj ideji, s jasnom vizijom i \u017eeljom za njenom realizacijom. Cijenimo ukoliko vidimo da je osoba ulo\u017eila i ho\u0107e da kontinuirano ula\u017ee vrijeme i trud u razvoj ideje.<\/li>\n\n\n\n<li>\u017delja za u\u010denjem: \u017eelimo mlade osobe koje su otvorene za nova znanja i spremni da ih primijene u praksi. Potrebno je da se poka\u017ee\u0161 kao osoba koja preuzima inicijativu, tra\u017ei pomo\u0107 kad joj treba, postavlja pitanja i spremna na prilagodbu na temelju povratnih informacija.<\/li>\n\n\n\n<li>Po\u0161tovanje rasporeda: \u017eelimo mlade osobe koje po\u0161tuju raspored i rokove, te time cijene svoje vrijeme, ali i vrijeme svih onih koji su dio ove akademije. O\u010dekujemo od tebe anga\u017eman subotom ujutro (2-3 sata) za vrijeme trajanja programa, te da u toku sedmice odvoji\u0161 minimalno 2 sata na razmi\u0161ljanje o ideji i razradi programskih zadataka.<\/li>\n<\/ol>\n\n\n\n<p>Kako se prijaviti?<\/p>\n\n\n\n<p>Prijavit&#8217; se mo\u017ee\u0161 ispunjavanjem ove forme do 26. septembra 2025.. Nepotpune i kasne prijave ne\u0107emo razmatrati.<br>Link za prijavu: https:\/\/forms.gle\/tGPhxhLqB1PV8sYVA<br>Broj mjesta je ograni\u010den.. Obavijest o rezultatu prijave \u0107e\u0161 dobiti do 29. septembra 2025.<\/p>\n\n\n\n<p>Za sve informacije i pitanja, kontaktiraj nas putem info@podrziideju.com.<\/p>\n\n\n\n<p>Na\u0161 tim je je tu da ti pomogne.<\/p>\n\n\n\n<p>Pridru\u017ei se Akademiji i poka\u017ei da si jedan\/na od onih koji rade na rje\u0161avanju problema u BiH!<\/p>\n","protected":false},"excerpt":{"rendered":"<p>Prijavi se i osvoji podr\u0161ku za svoju ideju!Ako si prepoznao\/la problem u dru\u0161tvu i ima\u0161 ideju i volju za njegovo<\/p>\n","protected":false},"author":1,"featured_media":47956,"comment_status":"closed","ping_status":"open","sticky":false,"template":"","format":"standard","meta":{"om_disable_all_campaigns":false,"_monsterinsights_skip_tracking":false,"_monsterinsights_sitenote_active":false,"_monsterinsights_sitenote_note":"","_monsterinsights_sitenote_category":0,"footnotes":""},"categories":[4,8692],"tags":[964,13619],"class_list":["post-47971","post","type-post","status-publish","format-standard","has-post-thumbnail","hentry","category-edukacija","category-izdvajamo","tag-akademija","tag-podrzi-ideju"],"jetpack_featured_media_url":"https:\/\/www.mladibl.com\/wp-content\/uploads\/2025\/09\/Podrzi-ideju-Akademija.jpg","amp_enabled":true,"_links":{"self":[{"href":"https:\/\/www.mladibl.com\/index.php?rest_route=\/wp\/v2\/posts\/47971","targetHints":{"allow":["GET"]}}],"collection":[{"href":"https:\/\/www.mladibl.com\/index.php?rest_route=\/wp\/v2\/posts"}],"about":[{"href":"https:\/\/www.mladibl.com\/index.php?rest_route=\/wp\/v2\/types\/post"}],"author":[{"embeddable":true,"href":"https:\/\/www.mladibl.com\/index.php?rest_route=\/wp\/v2\/users\/1"}],"replies":[{"embeddable":true,"href":"https:\/\/www.mladibl.com\/index.php?rest_route=%2Fwp%2Fv2%2Fcomments&post=47971"}],"version-history":[{"count":1,"href":"https:\/\/www.mladibl.com\/index.php?rest_route=\/wp\/v2\/posts\/47971\/revisions"}],"predecessor-version":[{"id":47972,"href":"https:\/\/www.mladibl.com\/index.php?rest_route=\/wp\/v2\/posts\/47971\/revisions\/47972"}],"wp:featuredmedia":[{"embeddable":true,"href":"https:\/\/www.mladibl.com\/index.php?rest_route=\/wp\/v2\/media\/47956"}],"wp:attachment":[{"href":"https:\/\/www.mladibl.com\/index.php?rest_route=%2Fwp%2Fv2%2Fmedia&parent=47971"}],"wp:term":[{"taxonomy":"category","embeddable":true,"href":"https:\/\/www.mladibl.com\/index.php?rest_route=%2Fwp%2Fv2%2Fcategories&post=47971"},{"taxonomy":"post_tag","embeddable":true,"href":"https:\/\/www.mladibl.com\/index.php?rest_route=%2Fwp%2Fv2%2Ftags&post=47971"}],"curies":[{"name":"wp","href":"https:\/\/api.w.org\/{rel}","templated":true}]}}