{"id":47965,"date":"2025-09-16T23:55:04","date_gmt":"2025-09-16T21:55:04","guid":{"rendered":"https:\/\/www.mladibl.com\/?p=47965"},"modified":"2025-09-16T23:55:09","modified_gmt":"2025-09-16T21:55:09","slug":"velika-banjalucka-biciklijada-u-ponedjeljak-22-septembra","status":"publish","type":"post","link":"https:\/\/www.mladibl.com\/?p=47965","title":{"rendered":"Velika Banjalu\u010dka biciklijada u ponedjeljak, 22. septembra"},"content":{"rendered":"\n<hr class=\"wp-block-separator has-alpha-channel-opacity\"\/>\n\n\n\n<p>Pod sloganom \u201eDva su to\u010dka dovoljna\u201c u ponedjeljak, 22. septembra bi\u0107e odr\u017eana 24. Banjalu\u010dka biciklijada.<\/p>\n\n\n\n<p>Biciklijadom u Banjoj Luci \u0107e biti obilje\u017een Svjetski dan bez automobila, kao centralni doga\u0111aj Evropske sedmice mobilnosti koja po\u010dinje danas i traje do 22. septembra.<\/p>\n\n\n\n<p>Banjalu\u010dku biciklijadu organizuju Centar za \u017eivotnu sredinu (nacionalni koordinator Evropske sedmice mobilnosti za Bosnu i Hercegovinu), u saradnji sa Gradom,&nbsp; Europe House i inicijativom gra\u0111ana Banjalu\u010dka kriti\u010dna masa.<\/p>\n\n\n\n<p>Doga\u0111aj po\u010dinje u ponedjeljak 22. septembra u 17.00 \u010dasova na tvr\u0111avi Kastel, otvaranjem i registracijom u\u010desnika. U tom periodu, od 17.00 do 20.00 \u010dasova dio ulice ispod Kastela bi\u0107e zatvoren za saobra\u0107aj motornih vozila.<\/p>\n\n\n\n<p>Osim sjajne atmosfere i dobrog dru\u017eenja za sve u\u010desnike uz muzi\u010dki program, pripremljena je tombola sa bogatim nagradnim fondom (neke od glavnih su bicikl, poklon bonovi u banjalu\u010dkim biciklisti\u010dkim radnjama od 250, 150, 100 i 50 KM, svjetla, sajle i kabanice za bicikl i sli\u010dno).<\/p>\n\n\n\n<p>Naime, obilje\u017eavanjem Dana bez automobila nastoji se ukazati na zna\u010daj zdrave \u017eivotne sredine, pje\u0161a\u010denja, biciklizma, te na neophodnost manjeg kori\u0161tenja automobila, a ve\u0107eg kori\u0161tenja javnog prevoza.<\/p>\n\n\n\n<p>Preuzeto sa: <a href=\"https:\/\/www.banjaluka.rs.ba\/velika-banjalucka-biciklijada-22-septembra\/\" target=\"_blank\" rel=\"noreferrer noopener\">banjaluka.rs.ba<\/a><\/p>\n","protected":false},"excerpt":{"rendered":"<p>Pod sloganom \u201eDva su to\u010dka dovoljna\u201c u ponedjeljak, 22. septembra bi\u0107e odr\u017eana 24. Banjalu\u010dka biciklijada. Biciklijadom u Banjoj Luci \u0107e<\/p>\n","protected":false},"author":1,"featured_media":47959,"comment_status":"closed","ping_status":"open","sticky":false,"template":"","format":"standard","meta":{"om_disable_all_campaigns":false,"_monsterinsights_skip_tracking":false,"_monsterinsights_sitenote_active":false,"_monsterinsights_sitenote_note":"","_monsterinsights_sitenote_category":0,"footnotes":""},"categories":[2],"tags":[9461],"class_list":["post-47965","post","type-post","status-publish","format-standard","has-post-thumbnail","hentry","category-vijesti","tag-banjalucka-biciklijada"],"jetpack_featured_media_url":"https:\/\/www.mladibl.com\/wp-content\/uploads\/2025\/09\/Velika-Banjalucka-biciklijada-u-ponedjeljak-22.-septembra.jpg","amp_enabled":true,"_links":{"self":[{"href":"https:\/\/www.mladibl.com\/index.php?rest_route=\/wp\/v2\/posts\/47965","targetHints":{"allow":["GET"]}}],"collection":[{"href":"https:\/\/www.mladibl.com\/index.php?rest_route=\/wp\/v2\/posts"}],"about":[{"href":"https:\/\/www.mladibl.com\/index.php?rest_route=\/wp\/v2\/types\/post"}],"author":[{"embeddable":true,"href":"https:\/\/www.mladibl.com\/index.php?rest_route=\/wp\/v2\/users\/1"}],"replies":[{"embeddable":true,"href":"https:\/\/www.mladibl.com\/index.php?rest_route=%2Fwp%2Fv2%2Fcomments&post=47965"}],"version-history":[{"count":1,"href":"https:\/\/www.mladibl.com\/index.php?rest_route=\/wp\/v2\/posts\/47965\/revisions"}],"predecessor-version":[{"id":47966,"href":"https:\/\/www.mladibl.com\/index.php?rest_route=\/wp\/v2\/posts\/47965\/revisions\/47966"}],"wp:featuredmedia":[{"embeddable":true,"href":"https:\/\/www.mladibl.com\/index.php?rest_route=\/wp\/v2\/media\/47959"}],"wp:attachment":[{"href":"https:\/\/www.mladibl.com\/index.php?rest_route=%2Fwp%2Fv2%2Fmedia&parent=47965"}],"wp:term":[{"taxonomy":"category","embeddable":true,"href":"https:\/\/www.mladibl.com\/index.php?rest_route=%2Fwp%2Fv2%2Fcategories&post=47965"},{"taxonomy":"post_tag","embeddable":true,"href":"https:\/\/www.mladibl.com\/index.php?rest_route=%2Fwp%2Fv2%2Ftags&post=47965"}],"curies":[{"name":"wp","href":"https:\/\/api.w.org\/{rel}","templated":true}]}}