{"id":47963,"date":"2025-09-16T23:53:53","date_gmt":"2025-09-16T21:53:53","guid":{"rendered":"https:\/\/www.mladibl.com\/?p=47963"},"modified":"2025-09-16T23:53:58","modified_gmt":"2025-09-16T21:53:58","slug":"u-nedjelju-budite-dio-jos-jednog-zmijanjskog-maratona-na-manjaci","status":"publish","type":"post","link":"https:\/\/www.mladibl.com\/?p=47963","title":{"rendered":"U nedjelju: Budite dio jo\u0161 jednog \u201eZmijanjskog maratona\u201c na Manja\u010di"},"content":{"rendered":"\n<hr class=\"wp-block-separator has-alpha-channel-opacity\"\/>\n\n\n\n<p>\u0160esti po redu \u201eZmijanjski maraton 2025\u201c bi\u0107e odr\u017ean na Manja\u010di u nedjelju, 21. septembra u organizaciji AK \u201eAlfa trejl\u201c.<\/p>\n\n\n\n<p>-Zbog najave lo\u0161eg vremena, odlu\u010dili smo ranije da na\u0161 doga\u0111aj pomjerimo na 21. septembar. Spremite se da u\u017eivate u prirodi bez takmi\u010darskog pritiska. O\u010dekuju vas dvije staze (7 km i 21 km), ru\u010dak i nezaboravno dru\u017eenje. Lokacija: Dvori\u0161te Osnovne \u0161kole \u201ePetar Ko\u010di\u0107\u201c u Stri\u010di\u0107ima. Prijave su otvorene, osigurajte svoje mjesto na vrijeme. Start trke je od 10 \u010dasova, a preuzimanje startnih paketa je od 8.30 do 9.45. \u010dasova \u2013 navedeno je u saop\u0161tnju organizatora.<\/p>\n\n\n\n<p>Organizatori navode kako \u0107e u sklopu trke biti odr\u017ean i Ekspo sajam.<\/p>\n\n\n\n<p>Sve prisutne tokom cijelog dana o\u010dekuje sadr\u017eaj za sve generacije, i to: Bambi Zmijanj\u010de \u2013 dje\u010dija trka i festival prirode sa radionicama i igrama za djecu uzrasta 3\u201312 godina; Zmijanjski maraton \u2013 izazovne trke na 7 kilometara i 21 kilometar;&nbsp; Hiking program, te Ekspo sajam sa 25 izlaga\u010da doma\u0107ih proizvoda, rukotvorina i gastronomskih specijaliteta.<\/p>\n\n\n\n<p>Naovde da trka\u010dke staze obuhvataju najljep\u0161e predjele platoa Manja\u010de.<\/p>\n\n\n\n<p>-\u010cekaju nas trke, priroda, muzika, Ekspo sajam i najbolja \u010dorba \u2013 ukratko, dan za pam\u0107enje \u2013 zaklju\u010dili su organizatori.<\/p>\n\n\n\n<figure class=\"wp-block-image size-full\"><img loading=\"lazy\" decoding=\"async\" width=\"800\" height=\"1000\" src=\"http:\/\/www.mladibl.com\/wp-content\/uploads\/2025\/09\/U-nedjelju_-Budite-dio-jos-jednog-\u201eZmijanjskog-maratona-na-Manjaci.jpg\" alt=\"U nedjelju: Budite dio jo\u0161 jednog \u201eZmijanjskog maratona\u201c na Manja\u010di\" class=\"wp-image-47960\" srcset=\"https:\/\/www.mladibl.com\/wp-content\/uploads\/2025\/09\/U-nedjelju_-Budite-dio-jos-jednog-\u201eZmijanjskog-maratona-na-Manjaci.jpg 800w, https:\/\/www.mladibl.com\/wp-content\/uploads\/2025\/09\/U-nedjelju_-Budite-dio-jos-jednog-\u201eZmijanjskog-maratona-na-Manjaci-240x300.jpg 240w, https:\/\/www.mladibl.com\/wp-content\/uploads\/2025\/09\/U-nedjelju_-Budite-dio-jos-jednog-\u201eZmijanjskog-maratona-na-Manjaci-768x960.jpg 768w\" sizes=\"auto, (max-width: 800px) 100vw, 800px\" \/><\/figure>\n\n\n\n<p>Preuzeto sa: <a href=\"https:\/\/www.banjaluka.rs.ba\/u-nedjelju-budite-dio-jos-jednog-zmijanjskog-maratona\/\" target=\"_blank\" rel=\"noreferrer noopener\">banjaluka.rs.ba<\/a><\/p>\n","protected":false},"excerpt":{"rendered":"<p>\u0160esti po redu \u201eZmijanjski maraton 2025\u201c bi\u0107e odr\u017ean na Manja\u010di u nedjelju, 21. septembra u organizaciji AK \u201eAlfa trejl\u201c. -Zbog<\/p>\n","protected":false},"author":1,"featured_media":47960,"comment_status":"closed","ping_status":"open","sticky":false,"template":"","format":"standard","meta":{"om_disable_all_campaigns":false,"_monsterinsights_skip_tracking":false,"_monsterinsights_sitenote_active":false,"_monsterinsights_sitenote_note":"","_monsterinsights_sitenote_category":0,"footnotes":""},"categories":[2],"tags":[797,9340],"class_list":["post-47963","post","type-post","status-publish","format-standard","has-post-thumbnail","hentry","category-vijesti","tag-manjaca","tag-zmijanjski-maraton"],"jetpack_featured_media_url":"https:\/\/www.mladibl.com\/wp-content\/uploads\/2025\/09\/U-nedjelju_-Budite-dio-jos-jednog-\u201eZmijanjskog-maratona-na-Manjaci.jpg","amp_enabled":true,"_links":{"self":[{"href":"https:\/\/www.mladibl.com\/index.php?rest_route=\/wp\/v2\/posts\/47963","targetHints":{"allow":["GET"]}}],"collection":[{"href":"https:\/\/www.mladibl.com\/index.php?rest_route=\/wp\/v2\/posts"}],"about":[{"href":"https:\/\/www.mladibl.com\/index.php?rest_route=\/wp\/v2\/types\/post"}],"author":[{"embeddable":true,"href":"https:\/\/www.mladibl.com\/index.php?rest_route=\/wp\/v2\/users\/1"}],"replies":[{"embeddable":true,"href":"https:\/\/www.mladibl.com\/index.php?rest_route=%2Fwp%2Fv2%2Fcomments&post=47963"}],"version-history":[{"count":1,"href":"https:\/\/www.mladibl.com\/index.php?rest_route=\/wp\/v2\/posts\/47963\/revisions"}],"predecessor-version":[{"id":47964,"href":"https:\/\/www.mladibl.com\/index.php?rest_route=\/wp\/v2\/posts\/47963\/revisions\/47964"}],"wp:featuredmedia":[{"embeddable":true,"href":"https:\/\/www.mladibl.com\/index.php?rest_route=\/wp\/v2\/media\/47960"}],"wp:attachment":[{"href":"https:\/\/www.mladibl.com\/index.php?rest_route=%2Fwp%2Fv2%2Fmedia&parent=47963"}],"wp:term":[{"taxonomy":"category","embeddable":true,"href":"https:\/\/www.mladibl.com\/index.php?rest_route=%2Fwp%2Fv2%2Fcategories&post=47963"},{"taxonomy":"post_tag","embeddable":true,"href":"https:\/\/www.mladibl.com\/index.php?rest_route=%2Fwp%2Fv2%2Ftags&post=47963"}],"curies":[{"name":"wp","href":"https:\/\/api.w.org\/{rel}","templated":true}]}}