{"id":47889,"date":"2025-09-14T22:43:51","date_gmt":"2025-09-14T20:43:51","guid":{"rendered":"https:\/\/www.mladibl.com\/?p=47889"},"modified":"2025-09-14T22:43:57","modified_gmt":"2025-09-14T20:43:57","slug":"sajam-knjige-od-16-do-22-septembra-u-banjoj-luci","status":"publish","type":"post","link":"https:\/\/www.mladibl.com\/?p=47889","title":{"rendered":"Sajam knjige od 16. do 22. septembra u Banjoj Luci"},"content":{"rendered":"\n<hr class=\"wp-block-separator has-alpha-channel-opacity\"\/>\n\n\n\n<p>U na\u0161em gradu bi\u0107e odr\u017ean jubilarni 30.me\u0111unarodni sajam knjige \u201eBanja Luka 2025 \u201c odr\u017eati od 16. do 22. septembra u Banjoj Luci u SC \u201eBorik\u201c.<\/p>\n\n\n\n<p>-Tema ovogodi\u0161njeg sajma je predstavljanje produkcije doma\u0107ih i inostranih izdava\u010da,predstavljanje pisaca,prate\u0107i programi. Sajam knjige u Banjoj Luci je mjesto promocije novih izdanja knjiga,mogu\u0107nost susreta sa izdava\u010dima , poznatim knji\u017eevnicima sa na\u0161ih prostora \u2013 navedeno je u saop\u0161tenju organizatora.<\/p>\n\n\n\n<p>Naime, otvaranje Sajma knjige zakazano je 16. septembra od 18.00 \u010dasova u dvorani \u201eBorik\u201c, a sve\u010danu besjedu ove godine odr\u017ea\u0107e sprski knji\u017eevnik, scenarista i akademik Du\u0161an Kova\u010devi\u0107.<\/p>\n\n\n\n<p>Preuzeto sa: <a href=\"https:\/\/www.banjaluka.rs.ba\/sajam-knjige-od-16-do-22-septembra-u-banjoj-l\/\" target=\"_blank\" rel=\"noreferrer noopener\">banjaluka.rs.ba<\/a><\/p>\n","protected":false},"excerpt":{"rendered":"<p>U na\u0161em gradu bi\u0107e odr\u017ean jubilarni 30.me\u0111unarodni sajam knjige \u201eBanja Luka 2025 \u201c odr\u017eati od 16. do 22. septembra u<\/p>\n","protected":false},"author":1,"featured_media":47898,"comment_status":"closed","ping_status":"open","sticky":false,"template":"","format":"standard","meta":{"om_disable_all_campaigns":false,"_monsterinsights_skip_tracking":false,"_monsterinsights_sitenote_active":false,"_monsterinsights_sitenote_note":"","_monsterinsights_sitenote_category":0,"footnotes":""},"categories":[2],"tags":[53,6131],"class_list":["post-47889","post","type-post","status-publish","format-standard","has-post-thumbnail","hentry","category-vijesti","tag-banja-luka","tag-sajam-knjige"],"jetpack_featured_media_url":"https:\/\/www.mladibl.com\/wp-content\/uploads\/2025\/09\/Sajam-knjige-od-16.-do-22.-septembra-u-Banjoj-Luci.jpg","amp_enabled":true,"_links":{"self":[{"href":"https:\/\/www.mladibl.com\/index.php?rest_route=\/wp\/v2\/posts\/47889","targetHints":{"allow":["GET"]}}],"collection":[{"href":"https:\/\/www.mladibl.com\/index.php?rest_route=\/wp\/v2\/posts"}],"about":[{"href":"https:\/\/www.mladibl.com\/index.php?rest_route=\/wp\/v2\/types\/post"}],"author":[{"embeddable":true,"href":"https:\/\/www.mladibl.com\/index.php?rest_route=\/wp\/v2\/users\/1"}],"replies":[{"embeddable":true,"href":"https:\/\/www.mladibl.com\/index.php?rest_route=%2Fwp%2Fv2%2Fcomments&post=47889"}],"version-history":[{"count":1,"href":"https:\/\/www.mladibl.com\/index.php?rest_route=\/wp\/v2\/posts\/47889\/revisions"}],"predecessor-version":[{"id":47899,"href":"https:\/\/www.mladibl.com\/index.php?rest_route=\/wp\/v2\/posts\/47889\/revisions\/47899"}],"wp:featuredmedia":[{"embeddable":true,"href":"https:\/\/www.mladibl.com\/index.php?rest_route=\/wp\/v2\/media\/47898"}],"wp:attachment":[{"href":"https:\/\/www.mladibl.com\/index.php?rest_route=%2Fwp%2Fv2%2Fmedia&parent=47889"}],"wp:term":[{"taxonomy":"category","embeddable":true,"href":"https:\/\/www.mladibl.com\/index.php?rest_route=%2Fwp%2Fv2%2Fcategories&post=47889"},{"taxonomy":"post_tag","embeddable":true,"href":"https:\/\/www.mladibl.com\/index.php?rest_route=%2Fwp%2Fv2%2Ftags&post=47889"}],"curies":[{"name":"wp","href":"https:\/\/api.w.org\/{rel}","templated":true}]}}