{"id":47776,"date":"2025-07-31T01:15:43","date_gmt":"2025-07-30T23:15:43","guid":{"rendered":"https:\/\/www.mladibl.com\/?p=47776"},"modified":"2025-07-31T01:27:01","modified_gmt":"2025-07-30T23:27:01","slug":"javni-poziv-za-dodjelu-grantova-za-organizacijsko-jacanje-i-razvoj-ocd-a","status":"publish","type":"post","link":"https:\/\/www.mladibl.com\/?p=47776","title":{"rendered":"Javni poziv za dodjelu grantova za organizacijsko ja\u010danje i razvoj OCD-a"},"content":{"rendered":"\n<p>Po\u0161tovane organizacije civilnog dru\u0161tva,<\/p>\n\n\n\n<p>Otvorili smo Javni poziv za dodjelu grantova namijenjenih okoli\u0161nim organizacijama civilnog dru\u0161tva koje \u017eele unaprijediti svoj organizacijski razvoj i oja\u010dati kapacitete za djelovanje. Javni poziv objavljen je u okviru projekta&nbsp;<strong>\u201cFUTURE \u2013 Put ka razvoju zelenijeg dru\u0161tva i odr\u017eivih okoli\u0161nih OCD u Bosni i Hercegovini\u201d&nbsp;<\/strong>koji implementira Resursni centar za okoli\u0161, a finansijksi podr\u017eava \u0160vedska.<\/p>\n\n\n\n<p><strong>Cilj poziva:<\/strong><\/p>\n\n\n\n<p>Grant program za organizacijsko ja\u010danje i razvoj OCD-a predvi\u0111a financijsku podr\u0161ku okoli\u0161nim OCD-ima u ja\u010danju internih kapaciteta, pobolj\u0161anju upravljanja, finansijske odr\u017eivosti, komunikacije i implementacije projekata.<\/p>\n\n\n\n<p><strong>Ko mo\u017ee aplicirati?<\/strong><\/p>\n\n\n\n<ul class=\"wp-block-list\">\n<li>Registrovane organizacije civilnog dru\u0161tva u sa sjedi\u0161tem u Bosni i Hercegovini<\/li>\n\n\n\n<li>Organizacije koje su registrirane najmanje godinu dana prije objave Javnog poziva<\/li>\n\n\n\n<li>Organizacije koje djeluju u oblasti za\u0161tite okoli\u0161a promovi\u0161u odr\u017eivo kori\u0161tenje prirodnih resursa<\/li>\n<\/ul>\n\n\n\n<p><strong>Podru\u010dja podr\u0161ke:<\/strong><\/p>\n\n\n\n<ul class=\"wp-block-list\">\n<li>Strate\u0161ko vodstvo \u2013 unapre\u0111enje vizije, upravlja\u010dkih struktura i dono\u0161enja odluka na strate\u0161kom nivou.<\/li>\n\n\n\n<li>Specifi\u010dna tematska expertiza \u2013 razvoj i produbljivanje stru\u010dnih znanja u specifi\u010dnim oblastima za\u0161tite okoli\u0161a (okoli\u0161no pravo, za\u0161tita prirode, upravljanje otpadom, itd.)<\/li>\n\n\n\n<li>Upravljanje ljudskim resursima \u2013 izgradnja kapaciteta tima, motivacija i razvoj kadrovskih politika.<\/li>\n\n\n\n<li>Finansijska infrastruktura \u2013 ja\u010danje finansijskog upravljanja, planiranja i transparentnosti organizacije kroz razvoj politika i procedura koje osiguravaju transparentnost, odgovornost i efikasnu alokaciju resursa.<\/li>\n\n\n\n<li>Uredska infrastruktura \u2013 unapre\u0111enje tehni\u010dkih i logisti\u010dkih uslova za rad uklju\u010duju\u0107i opremu, digitalne alate, pristup informacijama i fizi\u010dki prostor.<\/li>\n\n\n\n<li>Me\u0111uinstitucionalna povezanost\u2013 ja\u010danje mre\u017ea i partnerstava sa drugim organizacijama, institucijama i sektorima (naglasak \u0107e biti na partnerstvima koja doprinose zajedni\u010dkom rje\u0161avanju okoli\u0161nih izazova i izgradnji participativnog upravljanja).<\/li>\n\n\n\n<li>Upravljanje programima i projektima \u2013 pove\u0107anje sposobnosti za efikasno planiranje, implementaciju i sprovo\u0111enje projekata (uklju\u010duju\u0107i i razli\u010dite EU programe).<\/li>\n<\/ul>\n\n\n\n<p><strong>Visina i uslovi grantova:<\/strong><\/p>\n\n\n\n<ul class=\"wp-block-list\">\n<li>Maksimalni iznos granta: 20.000 KM<\/li>\n\n\n\n<li>Trajanje projekata: 12 mjeseci<\/li>\n<\/ul>\n\n\n\n<p><strong>Kako aplicirati?<\/strong><\/p>\n\n\n\n<ul class=\"wp-block-list\">\n<li>Preuzmite Javni poziv, Smjernice za aplikante i aplikacione forme sa web stranice www.rec.org.ba<\/li>\n\n\n\n<li>Rok za podno\u0161enje prijava: 05.08.2025. godine<\/li>\n\n\n\n<li>Prijave se dostavljaju na sljede\u0107u adresu:<\/li>\n<\/ul>\n\n\n\n<p><strong>RESURSNI CENTAR ZA OKOLI\u0160, PEHLIVANU\u0160A 1, 71000 Sarajevo, Bosna i Hercegovina<\/strong><\/p>\n\n\n\n<p>Prijava se mo\u017ee dostaviti:<br> po\u0161tom,<br> putem kurirske slu\u017ebe, ili<br> li\u010dno,<\/p>\n\n\n\n<p><strong>isklju\u010divo u zatvorenoj koverti, najkasnije do 05. avgusta 2025. godine do 12:00 sati.<\/strong><\/p>\n\n\n\n<p><strong>VA\u017dNO:<\/strong>&nbsp;Prijave koje stignu nakon navedenog roka ne\u0107e biti uzete u razmatranje, bez obzira na datum slanja.&nbsp;<strong>Pe\u010dat po\u0161te se ne priznaje kao dokaz o blagovremenosti dostave.<\/strong><\/p>\n\n\n\n<p>Na koverti jasno nazna\u010diti:&nbsp;<strong><\/strong><strong>&nbsp;\u201cPRIJAVA NA JAVNI POZIV ZA DODJELU GRANTOVA ZA ORGANIZACIJKI RAZVOJ \u2013 FUTURE\u201d<\/strong><\/p>\n\n\n\n<p>Pozivamo sve zainteresovane OCD-e da iskoriste ovu priliku za unapre\u0111enje svog rada i doprinose ja\u010danju civilnog dru\u0161tva u na\u0161oj zajednici.<\/p>\n\n\n\n<p>Javni poziv za dodjelu grantova dostupan je&nbsp;<a href=\"https:\/\/rec.org.ba\/wp-content\/uploads\/2025\/07\/1.-FUTURE-POZIV-ZA-DODJLEU-GRANTOVA.pdf\">OVDJE<\/a><\/p>\n\n\n\n<p>Smjernice za aplikante dostupne su&nbsp;<a href=\"https:\/\/rec.org.ba\/wp-content\/uploads\/2025\/07\/Smjernice-za-pripremu-aplikacija.pdf\">OVDJE<\/a><\/p>\n\n\n\n<p>Aplikacione forme \/ Aneksi dostupni su&nbsp;<a href=\"https:\/\/rec.org.ba\/wp-content\/uploads\/2025\/07\/ANEKSI-ZA-APLICIRANJE.zip\">OVDJE<\/a><\/p>\n\n\n\n<p>Preuzeto sa: <a href=\"https:\/\/www.mreza-mira.net\/vijesti\/pozivi-za-projekte\/javni-poziv-za-dodjelu-grantova-za-organizacijsko-jacanje-i-razvoj-ocd-a\/\" target=\"_blank\" rel=\"noreferrer noopener\">mreza-mira.net<\/a><\/p>\n","protected":false},"excerpt":{"rendered":"<p>Po\u0161tovane organizacije civilnog dru\u0161tva, Otvorili smo Javni poziv za dodjelu grantova namijenjenih okoli\u0161nim organizacijama civilnog dru\u0161tva koje \u017eele unaprijediti svoj<\/p>\n","protected":false},"author":1,"featured_media":47767,"comment_status":"closed","ping_status":"open","sticky":false,"template":"","format":"standard","meta":{"om_disable_all_campaigns":false,"_monsterinsights_skip_tracking":false,"_monsterinsights_sitenote_active":false,"_monsterinsights_sitenote_note":"","_monsterinsights_sitenote_category":0,"footnotes":""},"categories":[7,8692],"tags":[1645,491,7385,14449,600],"class_list":["post-47776","post","type-post","status-publish","format-standard","has-post-thumbnail","hentry","category-grantovi","category-izdvajamo","tag-dodjela","tag-grantovi","tag-organizacije-civilnog-drustva","tag-organizacijsko-jacanje","tag-razvoj"],"jetpack_featured_media_url":"https:\/\/www.mladibl.com\/wp-content\/uploads\/2025\/07\/JAVNI-POZIV-ZA-DODJELU-GRANTOVA-za-organizacijsko-jacanje-i-razvoj-OCD-a.jpg","amp_enabled":true,"_links":{"self":[{"href":"https:\/\/www.mladibl.com\/index.php?rest_route=\/wp\/v2\/posts\/47776","targetHints":{"allow":["GET"]}}],"collection":[{"href":"https:\/\/www.mladibl.com\/index.php?rest_route=\/wp\/v2\/posts"}],"about":[{"href":"https:\/\/www.mladibl.com\/index.php?rest_route=\/wp\/v2\/types\/post"}],"author":[{"embeddable":true,"href":"https:\/\/www.mladibl.com\/index.php?rest_route=\/wp\/v2\/users\/1"}],"replies":[{"embeddable":true,"href":"https:\/\/www.mladibl.com\/index.php?rest_route=%2Fwp%2Fv2%2Fcomments&post=47776"}],"version-history":[{"count":1,"href":"https:\/\/www.mladibl.com\/index.php?rest_route=\/wp\/v2\/posts\/47776\/revisions"}],"predecessor-version":[{"id":47777,"href":"https:\/\/www.mladibl.com\/index.php?rest_route=\/wp\/v2\/posts\/47776\/revisions\/47777"}],"wp:featuredmedia":[{"embeddable":true,"href":"https:\/\/www.mladibl.com\/index.php?rest_route=\/wp\/v2\/media\/47767"}],"wp:attachment":[{"href":"https:\/\/www.mladibl.com\/index.php?rest_route=%2Fwp%2Fv2%2Fmedia&parent=47776"}],"wp:term":[{"taxonomy":"category","embeddable":true,"href":"https:\/\/www.mladibl.com\/index.php?rest_route=%2Fwp%2Fv2%2Fcategories&post=47776"},{"taxonomy":"post_tag","embeddable":true,"href":"https:\/\/www.mladibl.com\/index.php?rest_route=%2Fwp%2Fv2%2Ftags&post=47776"}],"curies":[{"name":"wp","href":"https:\/\/api.w.org\/{rel}","templated":true}]}}