{"id":47737,"date":"2025-07-30T08:58:11","date_gmt":"2025-07-30T06:58:11","guid":{"rendered":"https:\/\/www.mladibl.com\/?p=47737"},"modified":"2025-07-30T08:58:17","modified_gmt":"2025-07-30T06:58:17","slug":"poklon-glumca-dragana-bjelogrlica-projekcija-filma-toma-u-cetvrtak-u-parku-oslobodenja","status":"publish","type":"post","link":"https:\/\/www.mladibl.com\/?p=47737","title":{"rendered":"Poklon glumca Dragana Bjelogrli\u0107a: Projekcija filma \u201eToma\u201c u \u010detvrtak u Parku \u201eOslobo\u0111enja\u201c"},"content":{"rendered":"\n<hr class=\"wp-block-separator has-alpha-channel-opacity\"\/>\n\n\n\n<p>Grad Banja Luka poziva sve zainteresovane sugra\u0111ane da se pridru\u017ee u \u010detvrtak, 31. jula u 20.00 \u010dasova projekciji filma \u201eToma\u201c u prelijepom ambijentu Parka \u201eOslobo\u0111enja\u201c.<\/p>\n\n\n\n<p>Film pod otvorenim nebom svakako ima posebnu \u010dar, te nema sumnje da \u0107e i ovaj put, kako predivan ambijent, tako i dobar odabir filma privu\u0107i veliki broj na\u0161ih sugra\u0111ana.<\/p>\n\n\n\n<p>Projekcija filma \u201eToma\u201c je poklon glumca Dragana Bjelogrli\u0107a i Produkcijske ku\u0107e \u201eKobra film\u201csvim na\u0161im sugra\u0111anima i posjetiocima.<\/p>\n\n\n\n<p>U slu\u010daju vremenskih neprilika, doga\u0111aj \u0107e biti pomjeren, o \u010demu \u0107e svi sugra\u0111ani i biti obavje\u0161teni.<\/p>\n\n\n\n<figure class=\"wp-block-image size-large\"><img loading=\"lazy\" decoding=\"async\" width=\"724\" height=\"1024\" src=\"http:\/\/www.mladibl.com\/wp-content\/uploads\/2025\/07\/Poklon-glumca-Dragana-Bjelogrlica_-Projekcija-filma-\u201eToma-u-cetvrtak-u-Parku-\u201eOslobodenja-724x1024.jpg\" alt=\"Poklon glumca Dragana Bjelogrli\u0107a: Projekcija filma \u201eToma\u201c u \u010detvrtak u Parku \u201eOslobo\u0111enja\u201c\" class=\"wp-image-47734\" srcset=\"https:\/\/www.mladibl.com\/wp-content\/uploads\/2025\/07\/Poklon-glumca-Dragana-Bjelogrlica_-Projekcija-filma-\u201eToma-u-cetvrtak-u-Parku-\u201eOslobodenja-724x1024.jpg 724w, https:\/\/www.mladibl.com\/wp-content\/uploads\/2025\/07\/Poklon-glumca-Dragana-Bjelogrlica_-Projekcija-filma-\u201eToma-u-cetvrtak-u-Parku-\u201eOslobodenja-212x300.jpg 212w, https:\/\/www.mladibl.com\/wp-content\/uploads\/2025\/07\/Poklon-glumca-Dragana-Bjelogrlica_-Projekcija-filma-\u201eToma-u-cetvrtak-u-Parku-\u201eOslobodenja-768x1086.jpg 768w, https:\/\/www.mladibl.com\/wp-content\/uploads\/2025\/07\/Poklon-glumca-Dragana-Bjelogrlica_-Projekcija-filma-\u201eToma-u-cetvrtak-u-Parku-\u201eOslobodenja.jpg 800w\" sizes=\"auto, (max-width: 724px) 100vw, 724px\" \/><\/figure>\n\n\n\n<p>Preuzeto sa: <a href=\"https:\/\/www.banjaluka.rs.ba\/poklon-glumca-dragana-bjelogrlica-pr\/\" target=\"_blank\" rel=\"noreferrer noopener\">banjaluka.rs.ba<\/a><\/p>\n","protected":false},"excerpt":{"rendered":"<p>Grad Banja Luka poziva sve zainteresovane sugra\u0111ane da se pridru\u017ee u \u010detvrtak, 31. jula u 20.00 \u010dasova projekciji filma \u201eToma\u201c<\/p>\n","protected":false},"author":1,"featured_media":47734,"comment_status":"closed","ping_status":"open","sticky":false,"template":"","format":"standard","meta":{"om_disable_all_campaigns":false,"_monsterinsights_skip_tracking":false,"_monsterinsights_sitenote_active":false,"_monsterinsights_sitenote_note":"","_monsterinsights_sitenote_category":0,"footnotes":""},"categories":[2],"tags":[1621,13272,8118,14440],"class_list":["post-47737","post","type-post","status-publish","format-standard","has-post-thumbnail","hentry","category-vijesti","tag-film","tag-park-oslobodenja","tag-projekcija","tag-toma"],"jetpack_featured_media_url":"https:\/\/www.mladibl.com\/wp-content\/uploads\/2025\/07\/Poklon-glumca-Dragana-Bjelogrlica_-Projekcija-filma-\u201eToma-u-cetvrtak-u-Parku-\u201eOslobodenja.jpg","amp_enabled":true,"_links":{"self":[{"href":"https:\/\/www.mladibl.com\/index.php?rest_route=\/wp\/v2\/posts\/47737","targetHints":{"allow":["GET"]}}],"collection":[{"href":"https:\/\/www.mladibl.com\/index.php?rest_route=\/wp\/v2\/posts"}],"about":[{"href":"https:\/\/www.mladibl.com\/index.php?rest_route=\/wp\/v2\/types\/post"}],"author":[{"embeddable":true,"href":"https:\/\/www.mladibl.com\/index.php?rest_route=\/wp\/v2\/users\/1"}],"replies":[{"embeddable":true,"href":"https:\/\/www.mladibl.com\/index.php?rest_route=%2Fwp%2Fv2%2Fcomments&post=47737"}],"version-history":[{"count":1,"href":"https:\/\/www.mladibl.com\/index.php?rest_route=\/wp\/v2\/posts\/47737\/revisions"}],"predecessor-version":[{"id":47738,"href":"https:\/\/www.mladibl.com\/index.php?rest_route=\/wp\/v2\/posts\/47737\/revisions\/47738"}],"wp:featuredmedia":[{"embeddable":true,"href":"https:\/\/www.mladibl.com\/index.php?rest_route=\/wp\/v2\/media\/47734"}],"wp:attachment":[{"href":"https:\/\/www.mladibl.com\/index.php?rest_route=%2Fwp%2Fv2%2Fmedia&parent=47737"}],"wp:term":[{"taxonomy":"category","embeddable":true,"href":"https:\/\/www.mladibl.com\/index.php?rest_route=%2Fwp%2Fv2%2Fcategories&post=47737"},{"taxonomy":"post_tag","embeddable":true,"href":"https:\/\/www.mladibl.com\/index.php?rest_route=%2Fwp%2Fv2%2Ftags&post=47737"}],"curies":[{"name":"wp","href":"https:\/\/api.w.org\/{rel}","templated":true}]}}