{"id":47726,"date":"2025-07-30T08:55:10","date_gmt":"2025-07-30T06:55:10","guid":{"rendered":"https:\/\/www.mladibl.com\/?p=47726"},"modified":"2025-07-30T08:55:16","modified_gmt":"2025-07-30T06:55:16","slug":"uredenje-obale-vrbasa-novo-setaliste-spaja-gradski-i-venecija-most","status":"publish","type":"post","link":"https:\/\/www.mladibl.com\/?p=47726","title":{"rendered":"Ure\u0111enje obale Vrbasa: Novo \u0161etali\u0161te spaja Gradski i Venecija most"},"content":{"rendered":"\n<p>U planu je ure\u0111enje obala Vrbasa na potezu od Gradskog do Venecija mosta i rekonstrukcija \u0161etali\u0161ta od Venecija do Rebrova\u010dkog mosta, \u010dime \u0107e sugra\u0111ani dobiti nove ure\u0111ene oaze za odmor i u\u017eivanje uz rijeku.<\/p>\n\n\n\n<p>Najavila je ovo ovla\u0161teni potpisnik u Odjeljenju za komunalne poslove Suzana Jovi\u0107.<\/p>\n\n\n\n<p>&#8220;U toku je izrada urbanisti\u010dko-tehni\u010dkih uslova za izgradnju \u0161etali\u0161ta uz Vrbas, od Gradskog do Venecija mosta i rekonstrukciju \u0161etali\u0161ta od Venecija do Rebrova\u010dkog mosta. O\u010dekujemo da \u0107e ve\u0107 ovih dana biti zavr\u0161eni urbanisti\u010dko-tehni\u010dki uslovi i nakon \u0161to dobijemo sve potrebne saglasnosti, preda\u0107emo zahtjev za dobijanje lokacijskih uslova&#8221;, naglasila je Jovi\u0107.<\/p>\n\n\n\n<p>Kako je navela, po dobijanju lokacijskih uslova pristupa se izradi glavnog projekta i pribavljanju gra\u0111evinske dozvole.<\/p>\n\n\n\n<p>&#8220;Projekat izgradnje \u0161etali\u0161ta \u0107e biti u skladu sa va\u017ee\u0107om prostorno-planskom dokumentacijom i Idejnim projektom ure\u0111enja vodnog re\u017eima i korita rijeke Vrbas kroz urbano podru\u010dje grada Banje Luke, ura\u0111enim od strane \u201eZavoda za vodoprivredu\u201c&nbsp; d.o.o. Bijeljina, kojim se defini\u0161e staza za pje\u0161ake u periodu malih i srednjih voda rijeke Vrbas. Staza je na visini dva metra u odnosu na kotu nivelete korita i \u0161irine najmanje tri metra&#8221;, precizirala je Jovi\u0107.<\/p>\n\n\n\n<p>Dodala je da du\u017eina dionice predvi\u0111ene za izgradnju \u0161etali\u0161ta, od Gradskog do Venecija mosta je 910 metara, a du\u017eina predvi\u0111ena za rekonstrukciju, od Venecija do Rebrova\u010dkog mosta je 844 metra.<\/p>\n\n\n\n<p>&#8220;Izgradnja \u0161etali\u0161ta ima za cilj ostvarivanje novog koncepta javnog prostora uz obalu rijeke Vrbas, kroz afirmaciju savremenih trendova u razvoju rekreativnih i turisti\u010dkih sadr\u017eaja, na na\u010din da se dio obale Vrbasa pretvori u \u017eivotniji otvoreni prostor ure\u0111en u vidu javnog mjesta za okupljanje i odmor gra\u0111ana&#8221;, zaklju\u010dila je Jovi\u0107.<\/p>\n\n\n\n<p>Preuzeto sa: <a href=\"https:\/\/www.nezavisne.com\/novosti\/banjaluka\/Uredjenje-obale-Vrbasa-Novo-setaliste-spaja-Gradski-i-Venecija-most\/918729\" target=\"_blank\" rel=\"noreferrer noopener\">nezavisne.com<\/a><\/p>\n","protected":false},"excerpt":{"rendered":"<p>U planu je ure\u0111enje obala Vrbasa na potezu od Gradskog do Venecija mosta i rekonstrukcija \u0161etali\u0161ta od Venecija do Rebrova\u010dkog<\/p>\n","protected":false},"author":1,"featured_media":47735,"comment_status":"closed","ping_status":"open","sticky":false,"template":"","format":"standard","meta":{"om_disable_all_campaigns":false,"_monsterinsights_skip_tracking":false,"_monsterinsights_sitenote_active":false,"_monsterinsights_sitenote_note":"","_monsterinsights_sitenote_category":0,"footnotes":""},"categories":[2],"tags":[14439,9192,4777,562],"class_list":["post-47726","post","type-post","status-publish","format-standard","has-post-thumbnail","hentry","category-vijesti","tag-obala","tag-setaliste","tag-uredenje","tag-vrbas"],"jetpack_featured_media_url":"https:\/\/www.mladibl.com\/wp-content\/uploads\/2025\/07\/Uredenje-obale-Vrbasa_-Novo-setaliste-spaja-Gradski-i-Venecija-most.jpg","amp_enabled":true,"_links":{"self":[{"href":"https:\/\/www.mladibl.com\/index.php?rest_route=\/wp\/v2\/posts\/47726","targetHints":{"allow":["GET"]}}],"collection":[{"href":"https:\/\/www.mladibl.com\/index.php?rest_route=\/wp\/v2\/posts"}],"about":[{"href":"https:\/\/www.mladibl.com\/index.php?rest_route=\/wp\/v2\/types\/post"}],"author":[{"embeddable":true,"href":"https:\/\/www.mladibl.com\/index.php?rest_route=\/wp\/v2\/users\/1"}],"replies":[{"embeddable":true,"href":"https:\/\/www.mladibl.com\/index.php?rest_route=%2Fwp%2Fv2%2Fcomments&post=47726"}],"version-history":[{"count":1,"href":"https:\/\/www.mladibl.com\/index.php?rest_route=\/wp\/v2\/posts\/47726\/revisions"}],"predecessor-version":[{"id":47736,"href":"https:\/\/www.mladibl.com\/index.php?rest_route=\/wp\/v2\/posts\/47726\/revisions\/47736"}],"wp:featuredmedia":[{"embeddable":true,"href":"https:\/\/www.mladibl.com\/index.php?rest_route=\/wp\/v2\/media\/47735"}],"wp:attachment":[{"href":"https:\/\/www.mladibl.com\/index.php?rest_route=%2Fwp%2Fv2%2Fmedia&parent=47726"}],"wp:term":[{"taxonomy":"category","embeddable":true,"href":"https:\/\/www.mladibl.com\/index.php?rest_route=%2Fwp%2Fv2%2Fcategories&post=47726"},{"taxonomy":"post_tag","embeddable":true,"href":"https:\/\/www.mladibl.com\/index.php?rest_route=%2Fwp%2Fv2%2Ftags&post=47726"}],"curies":[{"name":"wp","href":"https:\/\/api.w.org\/{rel}","templated":true}]}}