{"id":47723,"date":"2025-07-30T08:52:30","date_gmt":"2025-07-30T06:52:30","guid":{"rendered":"https:\/\/www.mladibl.com\/?p=47723"},"modified":"2025-07-30T08:52:36","modified_gmt":"2025-07-30T06:52:36","slug":"banja-luka-medu-27-gradova-koji-pokrecu-promjene-kroz-urbact-pioneers-accelerator","status":"publish","type":"post","link":"https:\/\/www.mladibl.com\/?p=47723","title":{"rendered":"Banja Luka me\u0111u 27 gradova koji pokre\u0107u promjene kroz \u201eUrbact Pioneers Accelerator\u201c"},"content":{"rendered":"\n<hr class=\"wp-block-separator has-alpha-channel-opacity\"\/>\n\n\n\n<p><strong>Grad Banja Luka jedan je od 27 gradova i<\/strong><strong>z<\/strong><strong> Bosne i Hercegovine, Srbije, Albanije, Crne Gore i Sjeverne Makedonije <\/strong>odabranih za u\u010de\u0161\u0107e u <strong>programu URBACT Pioneers Accelerator.<\/strong><\/p>\n\n\n\n<p>URBACT je evropski program teritorijalne saradnje koji je aktivan od 2002. godine i koji poma\u017ee gradovima u razvoju odr\u017eivih rje\u0161enja za urbane izazove kroz umre\u017eavanje, razmjenu znanja i ja\u010danje kapaciteta. Program je sufinansiran iz Evropskog fonda za regionalni razvoj (ERDF) sa bud\u017eetom od 79.769.000 EUR, iz Instrumenta za pretpristupnu pomo\u0107 sa 5.000.000 EUR te iz Instrumenta za susjedstvo, razvoj i me\u0111unarodnu saradnju sa 2.000.000 evra za period 2021\u20132027. Kroz URBACT Pioneers Accelerator, novi prilago\u0111eni program u\u010denja, URBACT osna\u017euje gradove iz zemalja korisnica Instrumenta za pretpristupnu pomo\u0107 (IPA) koji se bave odr\u017eivim urbanim razvojem.<\/p>\n\n\n\n<p>Ovi pionirski gradovi suo\u010davaju se sa klju\u010dnim urbanim izazovima u okviru \u0161est tematskih oblasti: odr\u017eivi razvoj turizma, urbane prirode (za\u0161tite \u017eivotne sredine), socijalne inkluzije, podr\u0161ke zapo\u0161ljavanju i malim i srednjim preduze\u0107ima, odr\u017eiva mobilnost i upravljanje otpadom, s posebnim naglaskom na efikasne pristupe komunikaciji i uklju\u010divanju zainteresovanih strana.<\/p>\n\n\n\n<figure class=\"wp-block-image\"><img decoding=\"async\" src=\"https:\/\/www.banjaluka.rs.ba\/wp-content\/uploads\/2025\/07\/Urbact-Pioneers.jpg\" alt=\"\" class=\"wp-image-28348\"\/><\/figure>\n\n\n\n<p>Svaki grad u\u010desnik dobit \u0107e <strong>35.000 evra sredstava iz EU<\/strong> kroz URBACT za podr\u0161ku u\u010de\u0161\u0107u u programu, uklju\u010duju\u0107i realizaciju malih pilot-akcija koje doprinose ciljevima odr\u017eivog urbanog razvoja.<\/p>\n\n\n\n<p>Program Pioneers Accelerator predstavlja izvrsnu po\u010detnu ta\u010dku za gradove sa malo ili nimalo iskustva u EU projektima, nude\u0107i strukturisano i podr\u017eavaju\u0107e okru\u017eenje za razvoj zna\u010dajnih inicijativa. Po zavr\u0161etku ovog programa u\u010denja, gradovi i javni slu\u017ebenici u Gradskoj upravi ste\u0107i \u0107e prakti\u010dna znanja i kapacitete za kreiranje i implementaciju projekata urbanog razvoja u skladu sa globalnim i evropskim standardima i okvirima odr\u017eivog razvoja.<\/p>\n\n\n\n<p>Tokom 18 mjeseci (april 2025. \u2013 septembar 2026.), timovi iz gradova i op\u0161tina regiona u\u010destvova\u0107e u programu u\u010denja koji se temelji na URBACT-ovoj integrisanoj i participativnoj metodologiji, uklju\u010duju\u0107i <strong>me\u0111unarodne studijske posjete, kampove za u\u010denje kroz razmjenu iskustava sa drugim gradovima regiona i razvoj malih pilot-akcija vidljivih na terenu<\/strong>.<\/p>\n\n\n\n<p>Gradove koji u\u010destvuju u programu, URBACT pozicionira kao regionalne lidere u oblasti odr\u017eivih urbanih politika. Primjenom integrisanih pristupa i bliskom saradnjom sa gra\u0111anima i zainteresovanim stranama, oni pokazuju kako i mali i srednji gradovi mogu sprovesti vidljive i sistemske promjene.<\/p>\n\n\n\n<p>Kako Banja Luka kre\u0107e na ovo zajedni\u010dko putovanje u\u010denja, grad je odlu\u010dan da ja\u010da svoje kapacitete, razvija kvalitetna partnerstva i stvori temelje za dugoro\u010dne i odr\u017eive promjene u gradu \u2013 koje mogu poslu\u017eiti kao primjer i podstrek i drugim gradovima u regiji.<\/p>\n\n\n\n<p>Vi\u0161e informacija o ovom i drugim URBACT inicijativama dostupno je na web stranici URBACT-a: <a href=\"http:\/\/www.urbact.eu\" target=\"_blank\" rel=\"noreferrer noopener\">www.urbact.eu<\/a><\/p>\n\n\n\n<p>Za vi\u0161e informacija:<\/p>\n\n\n\n<p>Mladen Milakovi\u0107<\/p>\n\n\n\n<p>Grad Banja Luka<\/p>\n\n\n\n<p>Odsjek za regionalnu i me\u0111unarodnu saradnju, upravljanje projektima i strate\u0161ko planiranje<\/p>\n\n\n\n<p><a href=\"mailto:mladen.milakovic@banjaluka.rs.ba\" target=\"_blank\" rel=\"noreferrer noopener\">mladen.milakovic@banjaluka.rs.ba<\/a><\/p>\n\n\n\n<p>+387-51-220-283<\/p>\n\n\n\n<p>Preuzeto sa: <a href=\"https:\/\/www.banjaluka.rs.ba\/banja-luka-medju-27-gradova-koji-pokrecu-promjene-kroz-urbact-pioneers-accelerator\/\" target=\"_blank\" rel=\"noreferrer noopener\">banjaluka.rs.ba<\/a><\/p>\n","protected":false},"excerpt":{"rendered":"<p>Grad Banja Luka jedan je od 27 gradova iz Bosne i Hercegovine, Srbije, Albanije, Crne Gore i Sjeverne Makedonije odabranih<\/p>\n","protected":false},"author":1,"featured_media":47724,"comment_status":"closed","ping_status":"open","sticky":false,"template":"","format":"standard","meta":{"om_disable_all_campaigns":false,"_monsterinsights_skip_tracking":false,"_monsterinsights_sitenote_active":false,"_monsterinsights_sitenote_note":"","_monsterinsights_sitenote_category":0,"footnotes":""},"categories":[2],"tags":[53,2005,14438],"class_list":["post-47723","post","type-post","status-publish","format-standard","has-post-thumbnail","hentry","category-vijesti","tag-banja-luka","tag-gradovi","tag-urbact-pioneers-accelerator"],"jetpack_featured_media_url":"https:\/\/www.mladibl.com\/wp-content\/uploads\/2025\/07\/Banja-Luka-medu-27-gradova-koji-pokrecu-promjene-kroz-\u201eUrbact-Pioneers-Accelerator.jpg","amp_enabled":true,"_links":{"self":[{"href":"https:\/\/www.mladibl.com\/index.php?rest_route=\/wp\/v2\/posts\/47723","targetHints":{"allow":["GET"]}}],"collection":[{"href":"https:\/\/www.mladibl.com\/index.php?rest_route=\/wp\/v2\/posts"}],"about":[{"href":"https:\/\/www.mladibl.com\/index.php?rest_route=\/wp\/v2\/types\/post"}],"author":[{"embeddable":true,"href":"https:\/\/www.mladibl.com\/index.php?rest_route=\/wp\/v2\/users\/1"}],"replies":[{"embeddable":true,"href":"https:\/\/www.mladibl.com\/index.php?rest_route=%2Fwp%2Fv2%2Fcomments&post=47723"}],"version-history":[{"count":1,"href":"https:\/\/www.mladibl.com\/index.php?rest_route=\/wp\/v2\/posts\/47723\/revisions"}],"predecessor-version":[{"id":47725,"href":"https:\/\/www.mladibl.com\/index.php?rest_route=\/wp\/v2\/posts\/47723\/revisions\/47725"}],"wp:featuredmedia":[{"embeddable":true,"href":"https:\/\/www.mladibl.com\/index.php?rest_route=\/wp\/v2\/media\/47724"}],"wp:attachment":[{"href":"https:\/\/www.mladibl.com\/index.php?rest_route=%2Fwp%2Fv2%2Fmedia&parent=47723"}],"wp:term":[{"taxonomy":"category","embeddable":true,"href":"https:\/\/www.mladibl.com\/index.php?rest_route=%2Fwp%2Fv2%2Fcategories&post=47723"},{"taxonomy":"post_tag","embeddable":true,"href":"https:\/\/www.mladibl.com\/index.php?rest_route=%2Fwp%2Fv2%2Ftags&post=47723"}],"curies":[{"name":"wp","href":"https:\/\/api.w.org\/{rel}","templated":true}]}}