{"id":47673,"date":"2025-07-28T01:25:49","date_gmt":"2025-07-27T23:25:49","guid":{"rendered":"https:\/\/www.mladibl.com\/?p=47673"},"modified":"2025-07-28T01:25:55","modified_gmt":"2025-07-27T23:25:55","slug":"zbog-najavljenih-vremenskih-neprilika-tradicionalna-trka-dajak-camaca-odgodena-za-2-avgust","status":"publish","type":"post","link":"https:\/\/www.mladibl.com\/?p=47673","title":{"rendered":"Zbog najavljenih vremenskih neprilika: Tradicionalna trka dajak \u010damaca odgo\u0111ena za 2. avgust"},"content":{"rendered":"\n<hr class=\"wp-block-separator has-alpha-channel-opacity\"\/>\n\n\n\n<p>Kao zavr\u0161nica 72. po redu tradicionalne manifestacije \u201eLjeto na Vrbasu\u201c trka dajak \u010damaca, koja je trebalo da bude odr\u017eana u nedjelju 27. jula \u2013 odgo\u0111ena je za 2. avgust zbog najavljenih vremenskih neprilika.<\/p>\n\n\n\n<p>Kako su saop\u0161tili organizatori Dajk klub Banja Luka \u2013 i ovog ljeta bi\u0107e organizovana trka u kategorijama: veterani, seniori, juniori, pioniri i djevojke.<\/p>\n\n\n\n<p>-A uz adrenalin i navijanje \u2013 bira\u0107emo i najljep\u0161i dajak \u010damac 2025. godine. Do\u0111ite da podr\u017eite na\u0161e Vrbaske vitezove i u\u017eivate u jednom od najljep\u0161ih prizora ljetnje Banje Luke \u2013 naveli su organizatori.<\/p>\n\n\n\n<p>Preuzeto sa: <a href=\"https:\/\/www.banjaluka.rs.ba\/trka-dajaka-za-kraj-ljeta-na-vrbasu\/\" target=\"_blank\" rel=\"noreferrer noopener\">banjaluka.rs.ba<\/a><\/p>\n","protected":false},"excerpt":{"rendered":"<p>Kao zavr\u0161nica 72. po redu tradicionalne manifestacije \u201eLjeto na Vrbasu\u201c trka dajak \u010damaca, koja je trebalo da bude odr\u017eana u<\/p>\n","protected":false},"author":1,"featured_media":47670,"comment_status":"closed","ping_status":"open","sticky":false,"template":"","format":"standard","meta":{"om_disable_all_campaigns":false,"_monsterinsights_skip_tracking":false,"_monsterinsights_sitenote_active":false,"_monsterinsights_sitenote_note":"","_monsterinsights_sitenote_category":0,"footnotes":""},"categories":[2],"tags":[9142,3877,4129],"class_list":["post-47673","post","type-post","status-publish","format-standard","has-post-thumbnail","hentry","category-vijesti","tag-camci","tag-dajak","tag-trka"],"jetpack_featured_media_url":"https:\/\/www.mladibl.com\/wp-content\/uploads\/2025\/07\/Zbog-najavljenih-vremenskih-neprilika_-Tradicionalna-trka-dajak-camaca-odgodena-za-2.-avgust.jpg","amp_enabled":true,"_links":{"self":[{"href":"https:\/\/www.mladibl.com\/index.php?rest_route=\/wp\/v2\/posts\/47673","targetHints":{"allow":["GET"]}}],"collection":[{"href":"https:\/\/www.mladibl.com\/index.php?rest_route=\/wp\/v2\/posts"}],"about":[{"href":"https:\/\/www.mladibl.com\/index.php?rest_route=\/wp\/v2\/types\/post"}],"author":[{"embeddable":true,"href":"https:\/\/www.mladibl.com\/index.php?rest_route=\/wp\/v2\/users\/1"}],"replies":[{"embeddable":true,"href":"https:\/\/www.mladibl.com\/index.php?rest_route=%2Fwp%2Fv2%2Fcomments&post=47673"}],"version-history":[{"count":1,"href":"https:\/\/www.mladibl.com\/index.php?rest_route=\/wp\/v2\/posts\/47673\/revisions"}],"predecessor-version":[{"id":47674,"href":"https:\/\/www.mladibl.com\/index.php?rest_route=\/wp\/v2\/posts\/47673\/revisions\/47674"}],"wp:featuredmedia":[{"embeddable":true,"href":"https:\/\/www.mladibl.com\/index.php?rest_route=\/wp\/v2\/media\/47670"}],"wp:attachment":[{"href":"https:\/\/www.mladibl.com\/index.php?rest_route=%2Fwp%2Fv2%2Fmedia&parent=47673"}],"wp:term":[{"taxonomy":"category","embeddable":true,"href":"https:\/\/www.mladibl.com\/index.php?rest_route=%2Fwp%2Fv2%2Fcategories&post=47673"},{"taxonomy":"post_tag","embeddable":true,"href":"https:\/\/www.mladibl.com\/index.php?rest_route=%2Fwp%2Fv2%2Ftags&post=47673"}],"curies":[{"name":"wp","href":"https:\/\/api.w.org\/{rel}","templated":true}]}}