{"id":47647,"date":"2025-07-25T01:49:50","date_gmt":"2025-07-24T23:49:50","guid":{"rendered":"https:\/\/www.mladibl.com\/?p=47647"},"modified":"2025-07-25T01:49:56","modified_gmt":"2025-07-24T23:49:56","slug":"prijavi-se-na-sesti-antifasisticki-kamp","status":"publish","type":"post","link":"https:\/\/www.mladibl.com\/?p=47647","title":{"rendered":"Prijavi se na \u0161esti Antifa\u0161isti\u010dki kamp!"},"content":{"rendered":"\n<p>Centar za mlade KVART organizuje \u0161esti Antifa\u0161isti\u010dki kamp u Kozarcu, Prijedoru i ovom prilikom pozivamo sve antifa\u0161isti\u010dki orijentisane mlade osobe da se prijave.<\/p>\n\n\n\n<p>Kamp \u0107e se odr\u017eati od 01.08.2025.-06.08.2025. u Kozarcu, Prijedoru, a pravo na u\u010de\u0161\u0107e imaju sve osobe iz Bosne i Hercegovine, Srbije, Hrvatske i Crne Gore od 18 do 30 godina.<\/p>\n\n\n\n<p>U\u010desnici i u\u010desnice \u0107e kroz \u0161estodnevni program imati priliku da slu\u0161aju predavanja o Antifa\u0161izmu i fa\u0161izmu, istorijskom revizionizmu i njegovim posljedicama, politi\u010dkoj snagi antifa\u0161izma danas, kao i novom talasu fa\u0161izma u Evropi i svijetu. Pored predavanja i radionica, u\u010desnici i u\u010desnice \u0107e imati priliku da posjete spomenike i da \u010duju o tim mjestima i njihovom zna\u010daju. Tako\u0111e, pored formalnog dijela programa upoznavanje, dru\u017eenje, kao i kvalitetno provo\u0111enje slobodnog vremena su zna\u010dajan&nbsp; dio Antifa\u0161isti\u010dkog kampa.&nbsp;<\/p>\n\n\n\n<p><strong>Lokacija:<\/strong> Kozarac (Prijedor)<\/p>\n\n\n\n<p><strong>Vrijeme trajanja kampa:<\/strong>&nbsp;01.08. &#8211; 06.08.2025.&nbsp;<\/p>\n\n\n\n<p>Prijave su otvorene <strong>do 28.07.2025.<\/strong>, te \u0107e odabrani u\u010desnici biti obavije\u0161teni isti dan i dan nakon (29.07.2025.)<\/p>\n\n\n\n<p>Tro\u0161kove puta, smje\u0161taja i ishrane snosi Centar za mlade KVART.&nbsp;<\/p>\n\n\n\n<p>Formular za prijavu je na slede\u0107em&nbsp;<a href=\"https:\/\/forms.gle\/v7t9XoRcCcoVLrjC8\" target=\"_blank\" rel=\"noreferrer noopener\">linku<\/a><\/p>\n\n\n\n<p>Radujemo se va\u0161im prijavama! \ud83d\ude42&nbsp;<\/p>\n\n\n\n<figure class=\"wp-block-image size-full\"><img loading=\"lazy\" decoding=\"async\" width=\"800\" height=\"1000\" src=\"http:\/\/www.mladibl.com\/wp-content\/uploads\/2025\/07\/Prijavi-se-na-sesti-Antifasisticki-kamp.jpg\" alt=\"Prijavi se na \u0161esti Antifa\u0161isti\u010dki kamp!\" class=\"wp-image-47635\" srcset=\"https:\/\/www.mladibl.com\/wp-content\/uploads\/2025\/07\/Prijavi-se-na-sesti-Antifasisticki-kamp.jpg 800w, https:\/\/www.mladibl.com\/wp-content\/uploads\/2025\/07\/Prijavi-se-na-sesti-Antifasisticki-kamp-240x300.jpg 240w, https:\/\/www.mladibl.com\/wp-content\/uploads\/2025\/07\/Prijavi-se-na-sesti-Antifasisticki-kamp-768x960.jpg 768w\" sizes=\"auto, (max-width: 800px) 100vw, 800px\" \/><\/figure>\n\n\n\n<p>Preuzeto sa: <a href=\"https:\/\/centarzamladekvartprijedor.blogspot.com\/2025\/07\/prijavi-se-na-sesti-antifasisticki-kamp.html\" target=\"_blank\" rel=\"noreferrer noopener\">centarzamladekvartprijedor.blogspot.com<\/a><\/p>\n","protected":false},"excerpt":{"rendered":"<p>Centar za mlade KVART organizuje \u0161esti Antifa\u0161isti\u010dki kamp u Kozarcu, Prijedoru i ovom prilikom pozivamo sve antifa\u0161isti\u010dki orijentisane mlade osobe<\/p>\n","protected":false},"author":1,"featured_media":47635,"comment_status":"closed","ping_status":"open","sticky":false,"template":"","format":"standard","meta":{"om_disable_all_campaigns":false,"_monsterinsights_skip_tracking":false,"_monsterinsights_sitenote_active":false,"_monsterinsights_sitenote_note":"","_monsterinsights_sitenote_category":0,"footnotes":""},"categories":[4],"tags":[9102],"class_list":["post-47647","post","type-post","status-publish","format-standard","has-post-thumbnail","hentry","category-edukacija","tag-antifasisticki-kamp"],"jetpack_featured_media_url":"https:\/\/www.mladibl.com\/wp-content\/uploads\/2025\/07\/Prijavi-se-na-sesti-Antifasisticki-kamp.jpg","amp_enabled":true,"_links":{"self":[{"href":"https:\/\/www.mladibl.com\/index.php?rest_route=\/wp\/v2\/posts\/47647","targetHints":{"allow":["GET"]}}],"collection":[{"href":"https:\/\/www.mladibl.com\/index.php?rest_route=\/wp\/v2\/posts"}],"about":[{"href":"https:\/\/www.mladibl.com\/index.php?rest_route=\/wp\/v2\/types\/post"}],"author":[{"embeddable":true,"href":"https:\/\/www.mladibl.com\/index.php?rest_route=\/wp\/v2\/users\/1"}],"replies":[{"embeddable":true,"href":"https:\/\/www.mladibl.com\/index.php?rest_route=%2Fwp%2Fv2%2Fcomments&post=47647"}],"version-history":[{"count":1,"href":"https:\/\/www.mladibl.com\/index.php?rest_route=\/wp\/v2\/posts\/47647\/revisions"}],"predecessor-version":[{"id":47648,"href":"https:\/\/www.mladibl.com\/index.php?rest_route=\/wp\/v2\/posts\/47647\/revisions\/47648"}],"wp:featuredmedia":[{"embeddable":true,"href":"https:\/\/www.mladibl.com\/index.php?rest_route=\/wp\/v2\/media\/47635"}],"wp:attachment":[{"href":"https:\/\/www.mladibl.com\/index.php?rest_route=%2Fwp%2Fv2%2Fmedia&parent=47647"}],"wp:term":[{"taxonomy":"category","embeddable":true,"href":"https:\/\/www.mladibl.com\/index.php?rest_route=%2Fwp%2Fv2%2Fcategories&post=47647"},{"taxonomy":"post_tag","embeddable":true,"href":"https:\/\/www.mladibl.com\/index.php?rest_route=%2Fwp%2Fv2%2Ftags&post=47647"}],"curies":[{"name":"wp","href":"https:\/\/api.w.org\/{rel}","templated":true}]}}