{"id":4762,"date":"2020-12-10T11:38:40","date_gmt":"2020-12-10T09:38:40","guid":{"rendered":"http:\/\/www.mladibl.com\/?p=4762"},"modified":"2020-12-10T11:38:42","modified_gmt":"2020-12-10T09:38:42","slug":"kulturna-manifestacija-dani-vlade-s-milosevica-2020","status":"publish","type":"post","link":"https:\/\/www.mladibl.com\/?p=4762","title":{"rendered":"Kulturna manifestacija \u201eDani Vlade S. Milo\u0161evi\u0107a 2020\u201c"},"content":{"rendered":"\n<p>Akademija umjetnosti Univerziteta u Banjoj Luci od 14. do 17. decembra 2020. godine organizuje  kulturnu manifestaciju \u201eDani Vlade S. Milo\u0161evi\u0107a 2020\u201c.<\/p>\n\n\n\n<p>Ovo je tradicionalna manifestacija, koja se odr\u017eava od 2000. godine, a ustanovljena je povodom obilje\u017eavanja godi\u0161njice ro\u0111enja akademika Vlade S. Milo\u0161evi\u0107a, kompozitora, etnomuzikologa i pedagoga.<\/p>\n\n\n\n<p>Zbog pandemije izazvane \u0161irenjem virusa korona, pomjeren je i termin odr\u017eavanja manifestacije &#8220;Dani Vlade S. Milo\u0161evi\u0107a&#8221; koja se ina\u010de odr\u017eava u aprilu.<\/p>\n\n\n\n<p>U realizaciji programskih aktivnosti ovogodi\u0161nje manifestacije u\u010destvuju studenti i profesori Akademije umjetnosti Univerziteta u Banjoj Luci, te istaknuti umjetnici. Umjetni\u010dki program \u0107e se izvoditi u prostorijama Kulturnog centra \u201eBanski dvor\u201c i Akademije umjetnosti. U okviru manifestacije bi\u0107e dodijeljene nagrade najboljim studentima studijskog programa Muzi\u010dke umjetnosti. <\/p>\n\n\n\n<p>Ceremonija otvaranja <\/p>\n\n\n\n<p>Na ceremoniji otvaranja manifestacije  ,,Dani Vlade S. Milo\u0161evi\u0107a 2020\u2019\u2019, zakazanoj za 14. decembra 2020. godine, u kamernoj sali Akademije umjetnosti Univerziteta u Banjoj Luci, govori\u0107e pomo\u0107nik ministra za kulturu Tanja \u0110akovi\u0107, predsjednik Muzikolo\u0161kog dru\u0161tva Republike Srpske prof. dr Dragica Pani\u0107 Ka\u0161anski, te v.d. dekana Akademije umjetnosti UNIBL Dragana Purkovi\u0107 Macan, ma.<\/p>\n\n\n\n<p>Preuzeto sa: <a href=\"https:\/\/unibl.org\/sr-lat\/vesti\/2020\/12\/kulturna-manifestacija-dani-vlade-s-milosevica-2020\" target=\"_blank\" rel=\"noreferrer noopener\" aria-label=\"Univerzitet u Banjoj Luci (opens in a new tab)\">Univerzitet u Banjoj Luci<\/a><\/p>\n","protected":false},"excerpt":{"rendered":"<p>Akademija umjetnosti Univerziteta u Banjoj Luci od 14. do 17. decembra 2020. godine organizuje kulturnu manifestaciju \u201eDani Vlade S. Milo\u0161evi\u0107a<\/p>\n","protected":false},"author":1,"featured_media":4763,"comment_status":"closed","ping_status":"open","sticky":false,"template":"","format":"standard","meta":{"om_disable_all_campaigns":false,"_monsterinsights_skip_tracking":false,"_monsterinsights_sitenote_active":false,"_monsterinsights_sitenote_note":"","_monsterinsights_sitenote_category":0,"footnotes":""},"categories":[6],"tags":[2400,53,2399,2398,74],"class_list":["post-4762","post","type-post","status-publish","format-standard","has-post-thumbnail","hentry","category-dogadjaji","tag-akademija-umjetnosti","tag-banja-luka","tag-dani-vlade-s-milosevica","tag-kulturna-manifestacija","tag-univerzitet-u-banjoj-luci"],"jetpack_featured_media_url":"https:\/\/www.mladibl.com\/wp-content\/uploads\/2020\/12\/Kulturna-manifestacija-\u201eDani-Vlade-S.-Milo\u0161evi\u0107a-2020\u201c.jpg","amp_enabled":true,"_links":{"self":[{"href":"https:\/\/www.mladibl.com\/index.php?rest_route=\/wp\/v2\/posts\/4762","targetHints":{"allow":["GET"]}}],"collection":[{"href":"https:\/\/www.mladibl.com\/index.php?rest_route=\/wp\/v2\/posts"}],"about":[{"href":"https:\/\/www.mladibl.com\/index.php?rest_route=\/wp\/v2\/types\/post"}],"author":[{"embeddable":true,"href":"https:\/\/www.mladibl.com\/index.php?rest_route=\/wp\/v2\/users\/1"}],"replies":[{"embeddable":true,"href":"https:\/\/www.mladibl.com\/index.php?rest_route=%2Fwp%2Fv2%2Fcomments&post=4762"}],"version-history":[{"count":1,"href":"https:\/\/www.mladibl.com\/index.php?rest_route=\/wp\/v2\/posts\/4762\/revisions"}],"predecessor-version":[{"id":4764,"href":"https:\/\/www.mladibl.com\/index.php?rest_route=\/wp\/v2\/posts\/4762\/revisions\/4764"}],"wp:featuredmedia":[{"embeddable":true,"href":"https:\/\/www.mladibl.com\/index.php?rest_route=\/wp\/v2\/media\/4763"}],"wp:attachment":[{"href":"https:\/\/www.mladibl.com\/index.php?rest_route=%2Fwp%2Fv2%2Fmedia&parent=4762"}],"wp:term":[{"taxonomy":"category","embeddable":true,"href":"https:\/\/www.mladibl.com\/index.php?rest_route=%2Fwp%2Fv2%2Fcategories&post=4762"},{"taxonomy":"post_tag","embeddable":true,"href":"https:\/\/www.mladibl.com\/index.php?rest_route=%2Fwp%2Fv2%2Ftags&post=4762"}],"curies":[{"name":"wp","href":"https:\/\/api.w.org\/{rel}","templated":true}]}}