{"id":47615,"date":"2025-07-23T00:48:22","date_gmt":"2025-07-22T22:48:22","guid":{"rendered":"https:\/\/www.mladibl.com\/?p=47615"},"modified":"2025-07-23T00:48:27","modified_gmt":"2025-07-22T22:48:27","slug":"ak-alfa-summer-trail-u-subotu-u-trapistima-prijave-u-toku","status":"publish","type":"post","link":"https:\/\/www.mladibl.com\/?p=47615","title":{"rendered":"AK \u201eAlfa\u201c: \u201eSummer Trail\u201c u subotu u Trapistima, prijave u toku"},"content":{"rendered":"\n<hr class=\"wp-block-separator has-alpha-channel-opacity\"\/>\n\n\n\n<p>Tradicionalni sportsko-rekreativni doga\u0111aj \u201eSummer Trail\u201c ove godine bi\u0107e odr\u017ean u subotu, 26. jula u Trapistima, od 19.00 \u010dasova.<\/p>\n\n\n\n<p>-Ovo je tre\u0107a godina zaredom kako, na zahtjev samih u\u010desnika, trku odr\u017eavamo na predivnoj lokaciji Trapista. Popularnost doga\u0111aja raste iz godine u godinu, okupljaju\u0107i brojne trka\u010de, ljubitelje prirode, porodice i na\u0161e sugra\u0111ane koji \u017eele da subotnje ve\u010de provedu u zdravoj i pozitivnoj atmosferi. Centralni dio ve\u010deri \u2013 okupljanje i ceremonija progla\u0161enja pobjednika, bi\u0107e odr\u017eano u subotu u periodu od 18.30 do 21.00 \u010das u ambijentu \u201eSvijeta \u010darolije\u201c u Gornjim Prije\u010danima \u2013 saop\u0161tili su organizatori iz Atletskog kluba \u201eAlfa\u201c.<\/p>\n\n\n\n<p>Kako isti\u010du, u\u010desnike o\u010dekuje osam kilometara \u010diste ljetne magije, stvorene za nezaboravan do\u017eivljaj pod zvijezdama.<\/p>\n\n\n\n<p>-Nakon ceremonije, za sve prisutne organizovan je afterparti, a posebno nam je va\u017eno istaknuti da \u0107emo te ve\u010deri odr\u017eati i humanitarno ve\u010de za na\u0161eg sugra\u0111anina Sr\u0111ana Stojni\u0107a, u saradnji sa Planinarskim udru\u017eenjem Abonos \u2013 naveli su u saop\u0161tenju.<\/p>\n\n\n\n<p>Pozivali su sve zainteresovane da se prijave za u\u010de\u0161\u0107e u trci putem sljede\u0107eg linka: <a href=\"https:\/\/docs.google.com\/forms\/d\/1GL8DbLxAC55zqekPo_qvhF15SBbIamvPX1U-9mcnCOw\/edit?authuser=4\" target=\"_blank\" rel=\"noreferrer noopener\">https:\/\/docs.google.com\/forms\/d\/1GL8DbLxAC55zqekPo_qvhF15SBbIamvPX1U-9mcnCOw\/edit<\/a><\/p>\n\n\n\n<figure class=\"wp-block-image size-large\"><img loading=\"lazy\" decoding=\"async\" width=\"724\" height=\"1024\" src=\"http:\/\/www.mladibl.com\/wp-content\/uploads\/2025\/07\/AK-\u201eAlfa_-\u201eSummer-Trail-u-subotu-u-Trapistima-prijave-u-toku-724x1024.jpg\" alt=\"AK \u201eAlfa\u201c: \u201eSummer Trail\u201c u subotu u Trapistima, prijave u toku\" class=\"wp-image-47603\" srcset=\"https:\/\/www.mladibl.com\/wp-content\/uploads\/2025\/07\/AK-\u201eAlfa_-\u201eSummer-Trail-u-subotu-u-Trapistima-prijave-u-toku-724x1024.jpg 724w, https:\/\/www.mladibl.com\/wp-content\/uploads\/2025\/07\/AK-\u201eAlfa_-\u201eSummer-Trail-u-subotu-u-Trapistima-prijave-u-toku-212x300.jpg 212w, https:\/\/www.mladibl.com\/wp-content\/uploads\/2025\/07\/AK-\u201eAlfa_-\u201eSummer-Trail-u-subotu-u-Trapistima-prijave-u-toku-768x1087.jpg 768w, https:\/\/www.mladibl.com\/wp-content\/uploads\/2025\/07\/AK-\u201eAlfa_-\u201eSummer-Trail-u-subotu-u-Trapistima-prijave-u-toku.jpg 800w\" sizes=\"auto, (max-width: 724px) 100vw, 724px\" \/><\/figure>\n\n\n\n<p>Preuzeto sa: <a href=\"https:\/\/www.banjaluka.rs.ba\/summer-trail\/\" target=\"_blank\" rel=\"noreferrer noopener\">banjaluka.rs.ba<\/a><\/p>\n","protected":false},"excerpt":{"rendered":"<p>Tradicionalni sportsko-rekreativni doga\u0111aj \u201eSummer Trail\u201c ove godine bi\u0107e odr\u017ean u subotu, 26. jula u Trapistima, od 19.00 \u010dasova. -Ovo je<\/p>\n","protected":false},"author":1,"featured_media":47603,"comment_status":"closed","ping_status":"open","sticky":false,"template":"","format":"standard","meta":{"om_disable_all_campaigns":false,"_monsterinsights_skip_tracking":false,"_monsterinsights_sitenote_active":false,"_monsterinsights_sitenote_note":"","_monsterinsights_sitenote_category":0,"footnotes":""},"categories":[6],"tags":[14374,2930,3098],"class_list":["post-47615","post","type-post","status-publish","format-standard","has-post-thumbnail","hentry","category-dogadjaji","tag-summer-trail","tag-trapisti","tag-trcanje"],"jetpack_featured_media_url":"https:\/\/www.mladibl.com\/wp-content\/uploads\/2025\/07\/AK-\u201eAlfa_-\u201eSummer-Trail-u-subotu-u-Trapistima-prijave-u-toku.jpg","amp_enabled":true,"_links":{"self":[{"href":"https:\/\/www.mladibl.com\/index.php?rest_route=\/wp\/v2\/posts\/47615","targetHints":{"allow":["GET"]}}],"collection":[{"href":"https:\/\/www.mladibl.com\/index.php?rest_route=\/wp\/v2\/posts"}],"about":[{"href":"https:\/\/www.mladibl.com\/index.php?rest_route=\/wp\/v2\/types\/post"}],"author":[{"embeddable":true,"href":"https:\/\/www.mladibl.com\/index.php?rest_route=\/wp\/v2\/users\/1"}],"replies":[{"embeddable":true,"href":"https:\/\/www.mladibl.com\/index.php?rest_route=%2Fwp%2Fv2%2Fcomments&post=47615"}],"version-history":[{"count":1,"href":"https:\/\/www.mladibl.com\/index.php?rest_route=\/wp\/v2\/posts\/47615\/revisions"}],"predecessor-version":[{"id":47616,"href":"https:\/\/www.mladibl.com\/index.php?rest_route=\/wp\/v2\/posts\/47615\/revisions\/47616"}],"wp:featuredmedia":[{"embeddable":true,"href":"https:\/\/www.mladibl.com\/index.php?rest_route=\/wp\/v2\/media\/47603"}],"wp:attachment":[{"href":"https:\/\/www.mladibl.com\/index.php?rest_route=%2Fwp%2Fv2%2Fmedia&parent=47615"}],"wp:term":[{"taxonomy":"category","embeddable":true,"href":"https:\/\/www.mladibl.com\/index.php?rest_route=%2Fwp%2Fv2%2Fcategories&post=47615"},{"taxonomy":"post_tag","embeddable":true,"href":"https:\/\/www.mladibl.com\/index.php?rest_route=%2Fwp%2Fv2%2Ftags&post=47615"}],"curies":[{"name":"wp","href":"https:\/\/api.w.org\/{rel}","templated":true}]}}