{"id":47613,"date":"2025-07-23T00:47:01","date_gmt":"2025-07-22T22:47:01","guid":{"rendered":"https:\/\/www.mladibl.com\/?p=47613"},"modified":"2025-07-23T00:47:07","modified_gmt":"2025-07-22T22:47:07","slug":"banski-dvor-koncert-dzez-muzicara-24-jula","status":"publish","type":"post","link":"https:\/\/www.mladibl.com\/?p=47613","title":{"rendered":"Banski dvor: Koncert d\u017eez muzi\u010dara 24. jula"},"content":{"rendered":"\n<hr class=\"wp-block-separator has-alpha-channel-opacity\"\/>\n\n\n\n<p>U \u010detvrtak, 24. jula u 21.00 \u010das u Art dvori\u0161tu Banskog dvora ugosti\u0107emo trio izuzetnih d\u017eez muzi\u010dara: Vladimira Tubi\u0107a, Dragana Tabakovi\u0107a i Per Matisena.<\/p>\n\n\n\n<p>Najavili su iz Banskog dvora.<\/p>\n\n\n\n<p>-Per Matisen, norve\u0161ki basista svjetske klase, donosi na scenu energiju, virtuoznost i svestranost rijetko vi\u0111enu na d\u017eez kontrabasu. Tubi\u0107 je gitarista me\u0111unarodnog iskustva i istaknuti muzi\u010dki pedagog, poznat po preciznosti i sna\u017enoj muzi\u010dkoj intuiciji. Tabakovi\u0107 gradi prepoznatljiv ton izme\u0111u tradicije i li\u010dnog izraza, njegova svirka nosi zrelost i liri\u010dnost. Sigurni smo da nas o\u010dekuje ve\u010de \u010diste muzi\u010dke komunikacije \u2013 saop\u0161tili su iz Banskog dvora.<\/p>\n\n\n\n<p>Preuzeto sa: <a href=\"https:\/\/www.banjaluka.rs.ba\/banski-dvor-koncert-dzez-muzicara-24-jul\/\" target=\"_blank\" rel=\"noreferrer noopener\">banjaluka.rs.ba<\/a><\/p>\n","protected":false},"excerpt":{"rendered":"<p>U \u010detvrtak, 24. jula u 21.00 \u010das u Art dvori\u0161tu Banskog dvora ugosti\u0107emo trio izuzetnih d\u017eez muzi\u010dara: Vladimira Tubi\u0107a, Dragana<\/p>\n","protected":false},"author":1,"featured_media":47604,"comment_status":"closed","ping_status":"open","sticky":false,"template":"","format":"standard","meta":{"om_disable_all_campaigns":false,"_monsterinsights_skip_tracking":false,"_monsterinsights_sitenote_active":false,"_monsterinsights_sitenote_note":"","_monsterinsights_sitenote_category":0,"footnotes":""},"categories":[6],"tags":[881,10878,3536,1302],"class_list":["post-47613","post","type-post","status-publish","format-standard","has-post-thumbnail","hentry","category-dogadjaji","tag-banski-dvor","tag-dzez-2","tag-koncert","tag-muzika"],"jetpack_featured_media_url":"https:\/\/www.mladibl.com\/wp-content\/uploads\/2025\/07\/Banski-dvor_-Koncert-dzez-muzicara-24.-jula.jpg","amp_enabled":true,"_links":{"self":[{"href":"https:\/\/www.mladibl.com\/index.php?rest_route=\/wp\/v2\/posts\/47613","targetHints":{"allow":["GET"]}}],"collection":[{"href":"https:\/\/www.mladibl.com\/index.php?rest_route=\/wp\/v2\/posts"}],"about":[{"href":"https:\/\/www.mladibl.com\/index.php?rest_route=\/wp\/v2\/types\/post"}],"author":[{"embeddable":true,"href":"https:\/\/www.mladibl.com\/index.php?rest_route=\/wp\/v2\/users\/1"}],"replies":[{"embeddable":true,"href":"https:\/\/www.mladibl.com\/index.php?rest_route=%2Fwp%2Fv2%2Fcomments&post=47613"}],"version-history":[{"count":1,"href":"https:\/\/www.mladibl.com\/index.php?rest_route=\/wp\/v2\/posts\/47613\/revisions"}],"predecessor-version":[{"id":47614,"href":"https:\/\/www.mladibl.com\/index.php?rest_route=\/wp\/v2\/posts\/47613\/revisions\/47614"}],"wp:featuredmedia":[{"embeddable":true,"href":"https:\/\/www.mladibl.com\/index.php?rest_route=\/wp\/v2\/media\/47604"}],"wp:attachment":[{"href":"https:\/\/www.mladibl.com\/index.php?rest_route=%2Fwp%2Fv2%2Fmedia&parent=47613"}],"wp:term":[{"taxonomy":"category","embeddable":true,"href":"https:\/\/www.mladibl.com\/index.php?rest_route=%2Fwp%2Fv2%2Fcategories&post=47613"},{"taxonomy":"post_tag","embeddable":true,"href":"https:\/\/www.mladibl.com\/index.php?rest_route=%2Fwp%2Fv2%2Ftags&post=47613"}],"curies":[{"name":"wp","href":"https:\/\/api.w.org\/{rel}","templated":true}]}}