{"id":47609,"date":"2025-07-23T00:44:40","date_gmt":"2025-07-22T22:44:40","guid":{"rendered":"https:\/\/www.mladibl.com\/?p=47609"},"modified":"2025-07-23T00:44:45","modified_gmt":"2025-07-22T22:44:45","slug":"jul-u-znaku-banjalucke-motorijade","status":"publish","type":"post","link":"https:\/\/www.mladibl.com\/?p=47609","title":{"rendered":"Jul u znaku Banjalu\u010dke motorijade"},"content":{"rendered":"\n<p>Jubilarna 10. Banjalu\u010dka motorijada, u organizaciji moto-kluba &#8220;Istok&#8221; iz Banjaluke, bi\u0107e odr\u017eana od 25. do 27. jula na tvr\u0111avi Kastel.<\/p>\n\n\n\n<p>&#8220;Izuzetno je zadovoljstvo pozvati sve prijatelje bajkere, ljubitelje dvoto\u010dka\u0161a i gra\u0111ane Banjaluke na deseto izdanje Banjalu\u010dke motorijade. Kao i prethodnih godina, na\u0161e goste o\u010dekuju sad ve\u0107 tradicionalni sadr\u017eaji, kao \u0161to su Zid smrti, turisti\u010dka vo\u017enja, takmi\u010denje u sporoj vo\u017enji, naravno defile i ono \u0161to se podrazumijeva &#8211; mnogo motora, dobra zabava, sjajan muzi\u010dki program i mnogo kvalitetnog dru\u017eenja&#8221;, navode organizatori.<\/p>\n\n\n\n<p>Dodaju i to kako je ovaj moto-klub ponosan na svoju posve\u0107enost putovanjima regionom, daljim zemljama, a naro\u010dito izgra\u0111enim prijateljstvima koja se upotpunjuju posjetama.<\/p>\n\n\n\n<p>&#8220;Zbog toga nam je srce puno kada u na\u0161em gradu na Vrbasu do\u010dekamo goste iz svih krajeva Balkana i drugih evropskih zemalja. Dok \u010dekamo posljednji vikend sedmog mjeseca, svima \u017eelimo suve ceste i lijep provod na planiranim putovanjima i odmorima&#8221;, poru\u010duju iz MK &#8220;Istok&#8221;.<\/p>\n\n\n\n<p>Preuzeto sa: <a href=\"https:\/\/www.nezavisne.com\/novosti\/banjaluka\/Jul-u-znaku-Banjalucke-motorijade\/917548\" target=\"_blank\" rel=\"noreferrer noopener\">nezavisne.com<\/a><\/p>\n","protected":false},"excerpt":{"rendered":"<p>Jubilarna 10. Banjalu\u010dka motorijada, u organizaciji moto-kluba &#8220;Istok&#8221; iz Banjaluke, bi\u0107e odr\u017eana od 25. do 27. jula na tvr\u0111avi Kastel.<\/p>\n","protected":false},"author":1,"featured_media":47606,"comment_status":"closed","ping_status":"open","sticky":false,"template":"","format":"standard","meta":{"om_disable_all_campaigns":false,"_monsterinsights_skip_tracking":false,"_monsterinsights_sitenote_active":false,"_monsterinsights_sitenote_note":"","_monsterinsights_sitenote_category":0,"footnotes":""},"categories":[2],"tags":[5751],"class_list":["post-47609","post","type-post","status-publish","format-standard","has-post-thumbnail","hentry","category-vijesti","tag-banjalucka-motorijada"],"jetpack_featured_media_url":"https:\/\/www.mladibl.com\/wp-content\/uploads\/2025\/07\/Jul-u-znaku-Banjalucke-motorijade.jpg","amp_enabled":true,"_links":{"self":[{"href":"https:\/\/www.mladibl.com\/index.php?rest_route=\/wp\/v2\/posts\/47609","targetHints":{"allow":["GET"]}}],"collection":[{"href":"https:\/\/www.mladibl.com\/index.php?rest_route=\/wp\/v2\/posts"}],"about":[{"href":"https:\/\/www.mladibl.com\/index.php?rest_route=\/wp\/v2\/types\/post"}],"author":[{"embeddable":true,"href":"https:\/\/www.mladibl.com\/index.php?rest_route=\/wp\/v2\/users\/1"}],"replies":[{"embeddable":true,"href":"https:\/\/www.mladibl.com\/index.php?rest_route=%2Fwp%2Fv2%2Fcomments&post=47609"}],"version-history":[{"count":1,"href":"https:\/\/www.mladibl.com\/index.php?rest_route=\/wp\/v2\/posts\/47609\/revisions"}],"predecessor-version":[{"id":47610,"href":"https:\/\/www.mladibl.com\/index.php?rest_route=\/wp\/v2\/posts\/47609\/revisions\/47610"}],"wp:featuredmedia":[{"embeddable":true,"href":"https:\/\/www.mladibl.com\/index.php?rest_route=\/wp\/v2\/media\/47606"}],"wp:attachment":[{"href":"https:\/\/www.mladibl.com\/index.php?rest_route=%2Fwp%2Fv2%2Fmedia&parent=47609"}],"wp:term":[{"taxonomy":"category","embeddable":true,"href":"https:\/\/www.mladibl.com\/index.php?rest_route=%2Fwp%2Fv2%2Fcategories&post=47609"},{"taxonomy":"post_tag","embeddable":true,"href":"https:\/\/www.mladibl.com\/index.php?rest_route=%2Fwp%2Fv2%2Ftags&post=47609"}],"curies":[{"name":"wp","href":"https:\/\/api.w.org\/{rel}","templated":true}]}}