{"id":47594,"date":"2025-07-21T00:58:41","date_gmt":"2025-07-20T22:58:41","guid":{"rendered":"https:\/\/www.mladibl.com\/?p=47594"},"modified":"2025-07-21T00:59:42","modified_gmt":"2025-07-20T22:59:42","slug":"eu4green-foro-konkurs-najzeleniji-primjeri-zapadnog-balkana","status":"publish","type":"post","link":"https:\/\/www.mladibl.com\/?p=47594","title":{"rendered":"EU4GREEN foro konkurs: \u201eNajzeleniji primjeri Zapadnog Balkana\u201d"},"content":{"rendered":"\n<p>Projekat EU4Green sa zadovoljstvom otvara regionalni foto konkurs na temu: <strong>\u201eNajzeleniji primjeri Zapadnog Balkana\u201d<\/strong>.<\/p>\n\n\n\n<p>U okviru kontinuiranih aktivnosti na promociji Zelene agende za Zapadni Balkan, EU4Green poziva amatere fotografe iz cijelog regiona da dokumentuju i predstave najinspirativnije pri\u010de o prirodi i za\u0161titi \u017eivotne sredine, dobre prakse koje vode zelenoj transformaciji, uka\u017eu na izazove i rje\u0161enja vezana za Zelenu agendu za Zapadni Balkan, pove\u0107aju svijest o zaga\u0111enju, inovacijama i odr\u017eivosti, prenesu poruke o ekolo\u0161kom napretku ili osvijetle probleme uzrokovane ljudskim djelovanjem.<\/p>\n\n\n\n<h3 class=\"wp-block-heading\">Tematske oblasti konkursa<\/h3>\n\n\n\n<p>U\u010desnici su pozvani da po\u0161alju seriju od 4\u20136 fotografija koje obra\u0111uju jednu od sljede\u0107ih tematskih oblasti:<\/p>\n\n\n\n<ul class=\"wp-block-list\">\n<li><strong>Kru\u017ena ekonomija<\/strong>: Prikaz praksi koje smanjuju otpad, podsti\u010du ponovnu upotrebu i promovi\u0161u odr\u017eivu potro\u0161nju i proizvodnju.<\/li>\n\n\n\n<li><strong>Odr\u017eiva poljoprivreda<\/strong>: Isticanje poljoprivrednih praksi koje balansiraju produktivnost sa o\u010duvanjem \u017eivotne sredine.<\/li>\n\n\n\n<li><strong>Smanjenje zaga\u0111enja<\/strong>: Ilustrovanje izazova zaga\u0111enja i\/ili inicijativa usmjerenih na obnovu kvaliteta vazduha, vode i zemlji\u0161ta.<\/li>\n\n\n\n<li><strong>Zeleno finansiranje<\/strong>: Prikaz odgovornog investiranja i finansiranja odr\u017eivog razvoja.<\/li>\n\n\n\n<li><strong>Zeleno obrazovanje<\/strong>: Promocija obrazovnih inicijativa koje podsti\u010du ekolo\u0161ku svijest i akciju.<\/li>\n\n\n\n<li><strong>Biodiverzitet<\/strong>: Prikaz za\u0161tite prirodnih stani\u0161ta, vrsta i ekosistema, uz o\u010duvanje biolo\u0161ke raznolikosti i otpornosti prirode.<\/li>\n<\/ul>\n\n\n\n<h3 class=\"wp-block-heading\">Umj\u0435tni\u010dki pristup<\/h3>\n\n\n\n<p>Radovi treba da imaju jasnu pri\u010du i ekolo\u0161ku poruku, uz sna\u017enu umjetni\u010dku viziju. Podsti\u010de se kreativno vizuelno predstavljanje tehni\u010dkih ili apstraktnih tema iz oblasti odr\u017eivosti kroz sna\u017ene fotografske narative.<\/p>\n\n\n\n<h3 class=\"wp-block-heading\">Napomene:<\/h3>\n\n\n\n<ul class=\"wp-block-list\">\n<li>U\u010desnici\/e moraju biti punoljetni\/e.<\/li>\n\n\n\n<li>Samo fotografi amateri mogu u\u010destvovati.<\/li>\n\n\n\n<li>Dozvoljene su isklju\u010divo foto serije (4\u20136 fotografija).<\/li>\n\n\n\n<li>Pojedina\u010dne fotografije, generi\u010dki pejza\u017ei ili sadr\u017eaji generisani pomo\u0107u AI alata ne\u0107e biti uzeti u razmatranje.<\/li>\n<\/ul>\n\n\n\n<h3 class=\"wp-block-heading\">Detalji za prijavu<\/h3>\n\n\n\n<ul class=\"wp-block-list\">\n<li>Format: Fotografije visoke rezolucije (minimum 300 dpi), uz opis sa pri\u010dom, lokacijom i datumom.<\/li>\n\n\n\n<li>Slanje putem e-maila: <a href=\"mailto:contact@eu4green.eu\">contact@eu4green.eu<\/a><\/li>\n\n\n\n<li>Dozvoljeno je kori\u0161tenje servisa za prenos fajlova (WeTransfer, Swiss Transfer) \u2013 potrebno je samo da link za preuzimanje bude uklju\u010den u email \u2013 ili slanjem fotografija putem priloga u e-mailu prilikom prijave.<\/li>\n\n\n\n<li>Rok za prijavu: <strong>august 2025.<\/strong><\/li>\n<\/ul>\n\n\n\n<h3 class=\"wp-block-heading\">Nagrade i priznanja<\/h3>\n\n\n\n<p>Nagrade \u0107e biti dodijeljene najboljim radovima i uklju\u010duju:<\/p>\n\n\n\n<ul class=\"wp-block-list\">\n<li>Regionalno eko-turisti\u010dko putovanje (destinacija \u0107e biti naknadno odre\u0111ena).<\/li>\n\n\n\n<li>Ceremonija dodjele nagrada \u2014 nagra\u0111eni u\u010desnici \u0107e biti pozvani na sve\u010dano uru\u010denje nagrada i otvaranje izlo\u017ebe.<\/li>\n\n\n\n<li>Izlo\u017eba na Zapadnom Balkanu \u2014 pobjedni\u010dke fotografije \u0107e biti dio putuju\u0107e izlo\u017ebe \u0161irom regiona.<\/li>\n\n\n\n<li>Zvani\u010dno priznanje i promocija kroz EU4Green dru\u0161tvene mre\u017ee, web stranica, saop\u0161tenja za medije i mre\u017eu partnera.<\/li>\n<\/ul>\n\n\n\n<p>Slanjem radova na konkurs putem emaila smatra se da ste prihvatili uslove konkursa, pravila takmi\u010denja i da ste se upoznali sa informacijama o za\u0161titi podataka.<\/p>\n\n\n\n<h3 class=\"wp-block-heading\">PDF linkovi:<\/h3>\n\n\n\n<p>\u2022 <a href=\"http:\/\/eu4green.eu\/wp-content\/uploads\/2025\/06\/Terms-and-Conditions_EU4Green-Photo-Contest.pdf\">Uslovi konkursa<\/a><br>\u2022 <a href=\"http:\/\/eu4green.eu\/wp-content\/uploads\/2025\/06\/Competition-rules_EU4Green-Photo-Contest.pdf\">Pravila takmi\u010denja<\/a><\/p>\n\n\n\n<p><strong>EU4Green tim sa nestrpljenjem o\u010dekuje va\u0161e radove koji oslikavaju duh za\u0161tite \u017eivotne sredine i inovacija \u0161irom Zapadnog Balkana, inspiri\u0161u\u0107i zajednice da doprinose zelenijoj budu\u0107nosti.<\/strong><\/p>\n\n\n\n<p>Preuzeto sa: <a href=\"https:\/\/eu4green.eu\/bs\/eu4green-photo-contest-the-greenest-examples-of-the-western-balkans-bs\/\" target=\"_blank\" rel=\"noreferrer noopener\">eu4green.eu<\/a><\/p>\n","protected":false},"excerpt":{"rendered":"<p>Projekat EU4Green sa zadovoljstvom otvara regionalni foto konkurs na temu: \u201eNajzeleniji primjeri Zapadnog Balkana\u201d. U okviru kontinuiranih aktivnosti na promociji<\/p>\n","protected":false},"author":1,"featured_media":47567,"comment_status":"closed","ping_status":"open","sticky":false,"template":"","format":"standard","meta":{"om_disable_all_campaigns":false,"_monsterinsights_skip_tracking":false,"_monsterinsights_sitenote_active":false,"_monsterinsights_sitenote_note":"","_monsterinsights_sitenote_category":0,"footnotes":""},"categories":[8692,1461],"tags":[14413,5040,306,14414,159],"class_list":["post-47594","post","type-post","status-publish","format-standard","has-post-thumbnail","hentry","category-izdvajamo","category-konkursi","tag-eu4green","tag-foto","tag-konkurs","tag-najzeleniji-primjeri","tag-zapadni-balkan"],"jetpack_featured_media_url":"https:\/\/www.mladibl.com\/wp-content\/uploads\/2025\/07\/Najzeleniji-primjeri-Zapadnog-Balkana.jpg","amp_enabled":true,"_links":{"self":[{"href":"https:\/\/www.mladibl.com\/index.php?rest_route=\/wp\/v2\/posts\/47594","targetHints":{"allow":["GET"]}}],"collection":[{"href":"https:\/\/www.mladibl.com\/index.php?rest_route=\/wp\/v2\/posts"}],"about":[{"href":"https:\/\/www.mladibl.com\/index.php?rest_route=\/wp\/v2\/types\/post"}],"author":[{"embeddable":true,"href":"https:\/\/www.mladibl.com\/index.php?rest_route=\/wp\/v2\/users\/1"}],"replies":[{"embeddable":true,"href":"https:\/\/www.mladibl.com\/index.php?rest_route=%2Fwp%2Fv2%2Fcomments&post=47594"}],"version-history":[{"count":1,"href":"https:\/\/www.mladibl.com\/index.php?rest_route=\/wp\/v2\/posts\/47594\/revisions"}],"predecessor-version":[{"id":47595,"href":"https:\/\/www.mladibl.com\/index.php?rest_route=\/wp\/v2\/posts\/47594\/revisions\/47595"}],"wp:featuredmedia":[{"embeddable":true,"href":"https:\/\/www.mladibl.com\/index.php?rest_route=\/wp\/v2\/media\/47567"}],"wp:attachment":[{"href":"https:\/\/www.mladibl.com\/index.php?rest_route=%2Fwp%2Fv2%2Fmedia&parent=47594"}],"wp:term":[{"taxonomy":"category","embeddable":true,"href":"https:\/\/www.mladibl.com\/index.php?rest_route=%2Fwp%2Fv2%2Fcategories&post=47594"},{"taxonomy":"post_tag","embeddable":true,"href":"https:\/\/www.mladibl.com\/index.php?rest_route=%2Fwp%2Fv2%2Ftags&post=47594"}],"curies":[{"name":"wp","href":"https:\/\/api.w.org\/{rel}","templated":true}]}}