{"id":47590,"date":"2025-07-21T00:55:32","date_gmt":"2025-07-20T22:55:32","guid":{"rendered":"https:\/\/www.mladibl.com\/?p=47590"},"modified":"2025-07-21T00:55:37","modified_gmt":"2025-07-20T22:55:37","slug":"poziv-za-ucesce-u-programu-ekonomskog-osnazivanja-zena-s-invaliditetom","status":"publish","type":"post","link":"https:\/\/www.mladibl.com\/?p=47590","title":{"rendered":"POZIV za u\u010de\u0161\u0107e u programu ekonomskog osna\u017eivanja \u017eena s invaliditetom"},"content":{"rendered":"\n<h3 class=\"wp-block-heading\">MyRight poziva \u017eene s invaliditetom iz cijele Bosne i Hercegovine da se prijave za u\u010de\u0161\u0107e u drugoj generaciji programa ekonomskog osna\u017eivanja, koji se realizuje u okviru vi\u0161egodi\u0161njeg projekta \u201eOvdje sam \u2013 vidljiva i ponosna&#8221;.<\/h3>\n\n\n\n<p>Program je namijenjen \u017eenama s invaliditetom koje \u017eele pokrenuti ili unaprijediti vlastiti mali biznis \u2013 bilo da ve\u0107 imate posao koji \u017eelite razviti, hobi koji \u017eelite pretvoriti u izvor prihoda, ili dugo sanjate da probate ne\u0161to svoje. Za razliku od drugih programa, ovaj je posebno prilago\u0111en va\u0161im potrebama, mogu\u0107nostima i okru\u017eenju. Na\u0161 cilj nije samo da nau\u010dite poslovne korake, nego i da se osna\u017eite, pove\u017eete s drugima i napravite konkretan pomak ka samostalnosti.<\/p>\n\n\n\n<p>Program ekonomskog osna\u017eivanja \u017eena s invaliditetom dio je vi\u0161egodi\u0161njeg projekta \u201eOvdje sam \u2013 vidljiva i ponosna&#8221;, koji MyRight provodi s ciljem da \u017eene s invaliditetom dobiju priliku da razviju vlastite biznis ideje, postanu ekonomski neovisne i prepoznate u svojoj zajednici.<\/p>\n\n\n\n<p>Nakon uspje\u0161no realizovane prve generacije programa 2024. godine, u kojoj je nekoliko \u017eena razvilo vlastite poslovne planove, MyRight je pru\u017eio i konkretnu podr\u0161ku \u2013 poput pomo\u0107i Muhidi Karaliji, koja je kroz program osna\u017eila svoju ideju i dobila podr\u0161ku za realizaciju svog poslovnog plana.<\/p>\n\n\n\n<p>U sklopu kampanje <a href=\"https:\/\/www.facebook.com\/PonosniNaSebe\">#\u017delimoHo\u0107emoMo\u017eemo<\/a>&nbsp;dodatno skre\u0107emo pa\u017enju na va\u017enost pristupa ekonomskim mogu\u0107nostima za \u017eene s invaliditetom: <a href=\"https:\/\/www.myright.ba\/kampanja-zelimomozemohocem\">https:\/\/www.myright.ba\/kampanja-zelimomozemohocem<\/a><\/p>\n\n\n\n<p>Pozivamo vas da pro\u010ditate detalje i prijavite se!&#8221;<\/p>\n\n\n\n<p><a href=\"https:\/\/www.myright.ba\/uploads\/MyRight20Poziv_Ekonomsko20osnazivanja20zena20s20invaliditetom202025.pdf\">POZIV za u\u010de\u0161\u0107e u programu ekonomskog osna\u017eivanja \u017eena s invaliditetom koji je dio projekta \u201eOvdje sam &#8211; vidljiva i ponosna\u201d<\/a><\/p>\n\n\n\n<p><a href=\"https:\/\/www.myright.ba\/uploads\/MyRight_Prijavni20obrazac_Ekonomsko20osnazivanje20zena20s20invaliditetom202025.docx\">Prijavni obrazac<\/a><\/p>\n\n\n\n<p>Rok za podno\u0161enje prijava je 05.09.2025.<\/p>\n\n\n\n<p>Svoju prijavu po\u0161aljite na <a href=\"mailto:info@myright.ba\">info@myright.ba<\/a><\/p>\n\n\n\n<p>Preuzeto sa: <a href=\"https:\/\/www.myright.ba\/poziv-za-ucesce-u-programu-ekonomskog-osnazivanja-zena-s-invaliditetom-\" target=\"_blank\" rel=\"noreferrer noopener\">myright.ba<\/a><\/p>\n","protected":false},"excerpt":{"rendered":"<p>MyRight poziva \u017eene s invaliditetom iz cijele Bosne i Hercegovine da se prijave za u\u010de\u0161\u0107e u drugoj generaciji programa ekonomskog<\/p>\n","protected":false},"author":1,"featured_media":47569,"comment_status":"closed","ping_status":"open","sticky":false,"template":"","format":"standard","meta":{"om_disable_all_campaigns":false,"_monsterinsights_skip_tracking":false,"_monsterinsights_sitenote_active":false,"_monsterinsights_sitenote_note":"","_monsterinsights_sitenote_category":0,"footnotes":""},"categories":[370],"tags":[7687,1102,14411],"class_list":["post-47590","post","type-post","status-publish","format-standard","has-post-thumbnail","hentry","category-ostalo","tag-ekonomsko-osnazivanje-zena","tag-program","tag-zene-s-invaliditetom"],"jetpack_featured_media_url":"https:\/\/www.mladibl.com\/wp-content\/uploads\/2025\/07\/POZIV-za-ucesce-u-programu-ekonomskog-osnazivanja-zena-s-invaliditetom.jpg","amp_enabled":true,"_links":{"self":[{"href":"https:\/\/www.mladibl.com\/index.php?rest_route=\/wp\/v2\/posts\/47590","targetHints":{"allow":["GET"]}}],"collection":[{"href":"https:\/\/www.mladibl.com\/index.php?rest_route=\/wp\/v2\/posts"}],"about":[{"href":"https:\/\/www.mladibl.com\/index.php?rest_route=\/wp\/v2\/types\/post"}],"author":[{"embeddable":true,"href":"https:\/\/www.mladibl.com\/index.php?rest_route=\/wp\/v2\/users\/1"}],"replies":[{"embeddable":true,"href":"https:\/\/www.mladibl.com\/index.php?rest_route=%2Fwp%2Fv2%2Fcomments&post=47590"}],"version-history":[{"count":1,"href":"https:\/\/www.mladibl.com\/index.php?rest_route=\/wp\/v2\/posts\/47590\/revisions"}],"predecessor-version":[{"id":47591,"href":"https:\/\/www.mladibl.com\/index.php?rest_route=\/wp\/v2\/posts\/47590\/revisions\/47591"}],"wp:featuredmedia":[{"embeddable":true,"href":"https:\/\/www.mladibl.com\/index.php?rest_route=\/wp\/v2\/media\/47569"}],"wp:attachment":[{"href":"https:\/\/www.mladibl.com\/index.php?rest_route=%2Fwp%2Fv2%2Fmedia&parent=47590"}],"wp:term":[{"taxonomy":"category","embeddable":true,"href":"https:\/\/www.mladibl.com\/index.php?rest_route=%2Fwp%2Fv2%2Fcategories&post=47590"},{"taxonomy":"post_tag","embeddable":true,"href":"https:\/\/www.mladibl.com\/index.php?rest_route=%2Fwp%2Fv2%2Ftags&post=47590"}],"curies":[{"name":"wp","href":"https:\/\/api.w.org\/{rel}","templated":true}]}}