{"id":47588,"date":"2025-07-21T00:54:04","date_gmt":"2025-07-20T22:54:04","guid":{"rendered":"https:\/\/www.mladibl.com\/?p=47588"},"modified":"2025-07-21T00:59:34","modified_gmt":"2025-07-20T22:59:34","slug":"poziv-mladima-prijavite-se-za-v-medunarodni-eyc-educo-camp","status":"publish","type":"post","link":"https:\/\/www.mladibl.com\/?p=47588","title":{"rendered":"Poziv mladima: Prijavite se za V Me\u0111unarodni EYC Educo Camp"},"content":{"rendered":"\n<p>Od danas je zvani\u010dno otvoren javni poziv za prijavu u\u010desnika\/ca na <strong>V izdanje me\u0111unarodnog EYC Educo Camp-a<\/strong>, koji \u0107e okupiti <strong>35 mladih<\/strong> ljudi iz<strong> Crne Gore, Albanije, Bosne i Hercegovine, Kosova, Sjeverne Makedonije i Srbije<\/strong> u periodu od <strong>12-14. avgusta<\/strong> u <strong>Mojkovcu<\/strong> (<a href=\"https:\/\/imanjerakocevic.me\/\">Hotel &amp; Resort Gacka<\/a>). Doga\u0111aj je namijenjen mladima uzrasta od <strong>18 do 25 godina<\/strong> koji \u017eele da, kroz niz radionica, panel diskusiju, debatu,&nbsp;predavanja iskusnih profesionalaca i brojne aktivnosti na otvorenom&nbsp;unaprijede svoja znanja i vje\u0161tine i provedu 2 dana u dru\u017eenju i povezivanju sa vr\u0161njacima.<\/p>\n\n\n\n<p><br><em>\u0160ta o\u010dekuje u\u010desnike na kampu?<\/em><\/p>\n\n\n\n<p><br>Prvog dana bi\u0107e organizovan panel pod nazivom \u201eNa putu ka Evropi: Gdje su mladi u procesima odlu\u010divanja?\u201c, u okviru kog \u0107e u\u010de\u0161\u0107e uzeti predstavnici Ministarstva sporta i mladih, regionalnih i me\u0111unarodnih organizacija, kao i omladinski aktivisti. Tokom dva dana, kroz bogat i interaktivan program, mladi \u0107e imati priliku da sti\u010du znanja i razvijaju prakti\u010dne vje\u0161tine iz oblasti mekih vje\u0161tina, finansijske pismenosti, timskog rada, mentalnog zdravlja, obrazovne mobilnosti, rodne ravnopravnosti, medijske pismenosti i participacije u procesu dono\u0161enja odluka. Bi\u0107e organizovane i aktivnosti na otvorenom poput escape room-a, izvi\u0111a\u010dkih izazova, sportskih i dru\u0161tvenih igara, kao i ve\u010dernjih dru\u017eenja, a kamp \u0107e se zavr\u0161iti sve\u010danom dodjelom sertifikata.<\/p>\n\n\n\n<p><em>Ko mo\u017ee da se prijavi?<\/em><br>Pozivaju se mladi uzrasta <strong>18-25 godina<\/strong>, koji:<br><br>&#8211; dolaze iz <strong>zemalja Zapadnog Balkana<\/strong> (Crne Gore, Albanije, Bosne i Hercegovine, Kosova, Sjeverne Makedonije i Srbije);<br>&#8211; mogu da se sporazumiju na <strong>engleskom jeziku<\/strong> (radni jezik kampa);<br>&#8211; \u017eele da grade vje\u0161tine, znanja i poznanstva i aktivno u\u010destvuju u svojim zajednicama i procesu dono\u0161enja odluka;<br>&#8211; pripadaju razli\u010ditim dru\u0161tvenim i geografskim sredinama (posebno se ohrabruje u\u010de\u0161\u0107e mladih iz ruralnih, marginalizovanih i manje zastupljenih sredina).<br><\/p>\n\n\n\n<p><br>Kako se \u0161alje prijava?<br><br>Online formular za prijavu u\u010desnika se nalazi na <a href=\"https:\/\/forms.gle\/Uu48FReGPy7ajFFe9\">linku<\/a>, a agenda doga\u0111aja se nalazi <a href=\"https:\/\/docs.google.com\/document\/d\/1ho22wM5rp_35ZKHt1trDcMpTz5aN4dNX1RIssYVXkrI\/edit?usp=sharing\">ovdje<\/a>.<br><br>Prijave se mogu podinijeti do <strong>nedelje, 27. jula do 23.59.<\/strong><br><br><em><strong>Napomena: <\/strong>Sve logisti\u010dke tro\u0161kove doga\u0111aja (prevoz, ishrana i smje\u0161taj) snose organizatori, a detaljnije informacije se nalaze u okviru pomenutog online formulara.<\/em><\/p>\n\n\n\n<p>Ovaj doga\u0111aj organizuje projektni tim <strong>NVO Centar za omladinsku edukaciju<\/strong>, uz finansijsku podr\u0161ku <strong>Savjeta za regionalnu saradnju (Regional Cooperation Council &#8211; RCC) <\/strong>i <strong>Delegacije Evropske unije u Crnoj Gori.<\/strong><\/p>\n\n\n\n<p>Projekat Evropske omladinske kartice (European Youth Card &#8211; EYC) u Crnoj Gori sprovodi NVO Centar za omladinsku edukaciju, uz podr\u0161ku i pokroviteljstvo Ministarstva sporta i mladih u ime Vlade Crne Gore.<\/p>\n\n\n\n<p>Preuzeto sa: <a href=\"https:\/\/omladinskakartica.me\/kartica\" target=\"_blank\" rel=\"noreferrer noopener\">omladinskakartica.me\/kartica<\/a><\/p>\n\n\n\n<p><\/p>\n","protected":false},"excerpt":{"rendered":"<p>Od danas je zvani\u010dno otvoren javni poziv za prijavu u\u010desnika\/ca na V izdanje me\u0111unarodnog EYC Educo Camp-a, koji \u0107e okupiti<\/p>\n","protected":false},"author":1,"featured_media":47570,"comment_status":"closed","ping_status":"open","sticky":false,"template":"","format":"standard","meta":{"om_disable_all_campaigns":false,"_monsterinsights_skip_tracking":false,"_monsterinsights_sitenote_active":false,"_monsterinsights_sitenote_note":"","_monsterinsights_sitenote_category":0,"footnotes":""},"categories":[4,8692],"tags":[2623,14410,33],"class_list":["post-47588","post","type-post","status-publish","format-standard","has-post-thumbnail","hentry","category-edukacija","category-izdvajamo","tag-crna-gora","tag-eyc-educo-camp","tag-mladi"],"jetpack_featured_media_url":"https:\/\/www.mladibl.com\/wp-content\/uploads\/2025\/07\/Poziv-mladima_-Prijavite-se-za-V-Medunarodni-EYC-Educo-Camp.jpg","amp_enabled":true,"_links":{"self":[{"href":"https:\/\/www.mladibl.com\/index.php?rest_route=\/wp\/v2\/posts\/47588","targetHints":{"allow":["GET"]}}],"collection":[{"href":"https:\/\/www.mladibl.com\/index.php?rest_route=\/wp\/v2\/posts"}],"about":[{"href":"https:\/\/www.mladibl.com\/index.php?rest_route=\/wp\/v2\/types\/post"}],"author":[{"embeddable":true,"href":"https:\/\/www.mladibl.com\/index.php?rest_route=\/wp\/v2\/users\/1"}],"replies":[{"embeddable":true,"href":"https:\/\/www.mladibl.com\/index.php?rest_route=%2Fwp%2Fv2%2Fcomments&post=47588"}],"version-history":[{"count":1,"href":"https:\/\/www.mladibl.com\/index.php?rest_route=\/wp\/v2\/posts\/47588\/revisions"}],"predecessor-version":[{"id":47589,"href":"https:\/\/www.mladibl.com\/index.php?rest_route=\/wp\/v2\/posts\/47588\/revisions\/47589"}],"wp:featuredmedia":[{"embeddable":true,"href":"https:\/\/www.mladibl.com\/index.php?rest_route=\/wp\/v2\/media\/47570"}],"wp:attachment":[{"href":"https:\/\/www.mladibl.com\/index.php?rest_route=%2Fwp%2Fv2%2Fmedia&parent=47588"}],"wp:term":[{"taxonomy":"category","embeddable":true,"href":"https:\/\/www.mladibl.com\/index.php?rest_route=%2Fwp%2Fv2%2Fcategories&post=47588"},{"taxonomy":"post_tag","embeddable":true,"href":"https:\/\/www.mladibl.com\/index.php?rest_route=%2Fwp%2Fv2%2Ftags&post=47588"}],"curies":[{"name":"wp","href":"https:\/\/api.w.org\/{rel}","templated":true}]}}