{"id":4757,"date":"2020-12-10T11:34:56","date_gmt":"2020-12-10T09:34:56","guid":{"rendered":"http:\/\/www.mladibl.com\/?p=4757"},"modified":"2020-12-10T11:35:31","modified_gmt":"2020-12-10T09:35:31","slug":"medunarodna-internet-konferencija-na-temu-twenty-five-years-later-dayton-agreement","status":"publish","type":"post","link":"https:\/\/www.mladibl.com\/?p=4757","title":{"rendered":"Me\u0111unarodna internet konferencija na temu &#8220;Twenty Five Years Later: Dayton Agreement&#8221;"},"content":{"rendered":"\n<p>Ministarstvo vanjskih poslova Italije, putem ambasade u Bosni i Hercegovini, organizira me\u0111unarodnu internet konferenciju na temu \u201eTwenty Five Years Later: Dayton Agreement and the European Pathway of Bosnia and Herzegovina\u201d, koja \u0107e se odr\u017eati 18. decembra od 15:00 do 18:30 sa streamingom putem interneta na Facebook stranici ambasade: <strong><a href=\"https:\/\/www.facebook.com\/ItalyinBiH\/\" target=\"_blank\" rel=\"noreferrer noopener\" aria-label=\"ItalyinBiH (opens in a new tab)\">ItalyinBiH<\/a><\/strong>.<\/p>\n\n\n\n<p>Uvodni\u010dari \u0107e biti italijanski ministar vanjskih poslova Luigi Di Maio, ministrica vanjskih poslova BiH Bisera Turkovi\u0107, povjerenik EU za pro\u0161irenje Oliver Varhelyi i povjerenica Vije\u0107a Evrope za ljudska prava Dunja Mijatovi\u0107.<\/p>\n\n\n\n<p>Konferencija \u0107e obuhvatiti dvije sesije i fokusirat \u0107e se na dva glavna podru\u010dja koja su trenutno od interesa: koje je porijeklo i opseg koncepta \u201ekonstitutivnih naroda\u201c koji se nalazi u Daytonskom sporazumu? Kako taj koncept mo\u017ee stupiti u interakciju sa pravima EU kako bi se osiguralo da se prava gra\u0111ana jednako po\u0161tuju i da BiH mo\u017ee postati efikasan, uspje\u0161an \u010dlan EU porodice?<\/p>\n\n\n\n<p>Svi panelisti dolaze iz razli\u010ditih akademskih sredina iz BiH, regije Balkana i ostatka Evrope i podijelit \u0107e uvide iz svog podru\u010dja stru\u010dnosti.<\/p>\n\n\n\n<p>U\u010destvuju:<\/p>\n\n\n\n<ul class=\"wp-block-list\"><li>Mitja \u017dagar, Institute for Ethnic Studies, Ljubljana<\/li><li>Joseph Marko, University of Graz<\/li><li>Maja Sahad\u017ei\u0107, University of Antwerp<\/li><li>Goran Markovi\u0107, University of East Sarajevo<\/li><li>Petra Roter, University of Ljubljana<\/li><li>Fikret \u010cau\u0161evi\u0107, University of Sarajevo<\/li><li>Jens Woelk, University of Trento<\/li><li>Asim Mujki\u0107, University of Sarajevo<\/li><li>Senada \u0160elo \u0160abi\u0107 \u2013 IRMO, Zagreb<\/li><li>Tatjana Sekuli\u0107, University of Milano-Bicocca<\/li><\/ul>\n\n\n\n<p>Nathalie Tocci iz Instituta za me\u0111unarodne poslove &#8211; IAI moderirat \u0107e konferencijom.<\/p>\n\n\n\n<p>Pitanja \u0107e se mo\u0107i postavljati tokom konferencije, a internetska publika je pozvana da prati i u\u010destvuje.<\/p>\n\n\n\n<figure class=\"wp-block-image\"><img loading=\"lazy\" decoding=\"async\" width=\"800\" height=\"800\" src=\"http:\/\/www.mladibl.com\/wp-content\/uploads\/2020\/12\/Me\u0111unarodna-internet-konferencija-na-temu-_Twenty-Five-Years-Later_-Dayton-Agreement_.jpg\" alt=\"\" class=\"wp-image-4759\" srcset=\"https:\/\/www.mladibl.com\/wp-content\/uploads\/2020\/12\/Me\u0111unarodna-internet-konferencija-na-temu-_Twenty-Five-Years-Later_-Dayton-Agreement_.jpg 800w, https:\/\/www.mladibl.com\/wp-content\/uploads\/2020\/12\/Me\u0111unarodna-internet-konferencija-na-temu-_Twenty-Five-Years-Later_-Dayton-Agreement_-150x150.jpg 150w, https:\/\/www.mladibl.com\/wp-content\/uploads\/2020\/12\/Me\u0111unarodna-internet-konferencija-na-temu-_Twenty-Five-Years-Later_-Dayton-Agreement_-300x300.jpg 300w, https:\/\/www.mladibl.com\/wp-content\/uploads\/2020\/12\/Me\u0111unarodna-internet-konferencija-na-temu-_Twenty-Five-Years-Later_-Dayton-Agreement_-768x768.jpg 768w\" sizes=\"auto, (max-width: 800px) 100vw, 800px\" \/><\/figure>\n\n\n\n<p>Preuzeto sa: <a href=\"https:\/\/ambsarajevo.esteri.it\/ambasciata_sarajevo\/bs\/ambasciata\/news\/dall-ambasciata\/2020\/12\/venticinque-anni-dopo-accordi-di.html\" target=\"_blank\" rel=\"noreferrer noopener\" aria-label=\"ambsarajevo.esteri.it (opens in a new tab)\">ambsarajevo.esteri.it<\/a><\/p>\n","protected":false},"excerpt":{"rendered":"<p>Ministarstvo vanjskih poslova Italije, putem ambasade u Bosni i Hercegovini, organizira me\u0111unarodnu internet konferenciju na temu \u201eTwenty Five Years Later:<\/p>\n","protected":false},"author":1,"featured_media":4758,"comment_status":"closed","ping_status":"open","sticky":false,"template":"","format":"standard","meta":{"om_disable_all_campaigns":false,"_monsterinsights_skip_tracking":false,"_monsterinsights_sitenote_active":false,"_monsterinsights_sitenote_note":"","_monsterinsights_sitenote_category":0,"footnotes":""},"categories":[6],"tags":[2397,1924,184,2312,2396],"class_list":["post-4757","post","type-post","status-publish","format-standard","has-post-thumbnail","hentry","category-dogadjaji","tag-dayton-agreement","tag-internet","tag-konferencija","tag-medunarodna","tag-twenty-five-years-later"],"jetpack_featured_media_url":"https:\/\/www.mladibl.com\/wp-content\/uploads\/2020\/12\/Me\u0111unarodna-internet-konferencija-na-temu-_Twenty-Five-Years-Later_-Dayton-Agreement_-2.jpg","amp_enabled":true,"_links":{"self":[{"href":"https:\/\/www.mladibl.com\/index.php?rest_route=\/wp\/v2\/posts\/4757","targetHints":{"allow":["GET"]}}],"collection":[{"href":"https:\/\/www.mladibl.com\/index.php?rest_route=\/wp\/v2\/posts"}],"about":[{"href":"https:\/\/www.mladibl.com\/index.php?rest_route=\/wp\/v2\/types\/post"}],"author":[{"embeddable":true,"href":"https:\/\/www.mladibl.com\/index.php?rest_route=\/wp\/v2\/users\/1"}],"replies":[{"embeddable":true,"href":"https:\/\/www.mladibl.com\/index.php?rest_route=%2Fwp%2Fv2%2Fcomments&post=4757"}],"version-history":[{"count":2,"href":"https:\/\/www.mladibl.com\/index.php?rest_route=\/wp\/v2\/posts\/4757\/revisions"}],"predecessor-version":[{"id":4761,"href":"https:\/\/www.mladibl.com\/index.php?rest_route=\/wp\/v2\/posts\/4757\/revisions\/4761"}],"wp:featuredmedia":[{"embeddable":true,"href":"https:\/\/www.mladibl.com\/index.php?rest_route=\/wp\/v2\/media\/4758"}],"wp:attachment":[{"href":"https:\/\/www.mladibl.com\/index.php?rest_route=%2Fwp%2Fv2%2Fmedia&parent=4757"}],"wp:term":[{"taxonomy":"category","embeddable":true,"href":"https:\/\/www.mladibl.com\/index.php?rest_route=%2Fwp%2Fv2%2Fcategories&post=4757"},{"taxonomy":"post_tag","embeddable":true,"href":"https:\/\/www.mladibl.com\/index.php?rest_route=%2Fwp%2Fv2%2Ftags&post=4757"}],"curies":[{"name":"wp","href":"https:\/\/api.w.org\/{rel}","templated":true}]}}