{"id":47517,"date":"2025-07-15T00:48:29","date_gmt":"2025-07-14T22:48:29","guid":{"rendered":"https:\/\/www.mladibl.com\/?p=47517"},"modified":"2025-07-15T00:48:35","modified_gmt":"2025-07-14T22:48:35","slug":"vece-dzeza-za-pocetak-ljetne-sezone-u-art-dvoristu-banskog-dvora","status":"publish","type":"post","link":"https:\/\/www.mladibl.com\/?p=47517","title":{"rendered":"Ve\u010de d\u017eeza za po\u010detak ljetne sezone u Art dvori\u0161tu Banskog dvora"},"content":{"rendered":"\n<hr class=\"wp-block-separator has-alpha-channel-opacity\"\/>\n\n\n\n<p>U utorak, 15. jula u 21.00 \u010das u Art dvori\u0161tu Banskog dvora bi\u0107e odr\u017ean koncert Combine Quartet-a i vokalne solistkinje Tatjane Topi\u0107 Matisen.<\/p>\n\n\n\n<p>-Ovim koncertom po\u010dinje ljetna sezona programa u Art dvori\u0161tu, mjestu gdje muzika zvu\u010di bli\u017ee, a ve\u010deri du\u017ee traju. Ljubitelje d\u017eeza o\u010dekuju jedinstveni aran\u017emani d\u017eez klasika i nekoliko doma\u0107ih pjesama u savremenom ruhu \u2013 saop\u0161tili su iz Banskog dvora.<\/p>\n\n\n\n<p>Combine Quartet \u010dine: Milan Savi\u0107 \u2013 klavir, Stefan Te\u0161anovi\u0107 \u2013 gitara, Dejan \u0110or\u0111evi\u0107 \u2013 kontrabas i Dejan Trkulja \u2013 bubnjevi.<\/p>\n\n\n\n<p>-Sve besplatne pozivnice za ovaj doga\u0111aj su podijeljene \u2013 poru\u010dili su iz Banskog dvora.<\/p>\n\n\n\n<p>Preuzeto sa: <a href=\"https:\/\/www.banjaluka.rs.ba\/pocinje-sezona-u-art-dvoristu\/\" target=\"_blank\" rel=\"noreferrer noopener\">banjaluka.rs.ba<\/a><\/p>\n","protected":false},"excerpt":{"rendered":"<p>U utorak, 15. jula u 21.00 \u010das u Art dvori\u0161tu Banskog dvora bi\u0107e odr\u017ean koncert Combine Quartet-a i vokalne solistkinje<\/p>\n","protected":false},"author":1,"featured_media":47514,"comment_status":"closed","ping_status":"open","sticky":false,"template":"","format":"standard","meta":{"om_disable_all_campaigns":false,"_monsterinsights_skip_tracking":false,"_monsterinsights_sitenote_active":false,"_monsterinsights_sitenote_note":"","_monsterinsights_sitenote_category":0,"footnotes":""},"categories":[2],"tags":[5749,881,882],"class_list":["post-47517","post","type-post","status-publish","format-standard","has-post-thumbnail","hentry","category-vijesti","tag-art-dvoriste","tag-banski-dvor","tag-ljetna-sezona"],"jetpack_featured_media_url":"https:\/\/www.mladibl.com\/wp-content\/uploads\/2025\/07\/Vece-dzeza-za-pocetak-ljetne-sezone-u-Art-dvoristu-Banskog-dvora.jpg","amp_enabled":true,"_links":{"self":[{"href":"https:\/\/www.mladibl.com\/index.php?rest_route=\/wp\/v2\/posts\/47517","targetHints":{"allow":["GET"]}}],"collection":[{"href":"https:\/\/www.mladibl.com\/index.php?rest_route=\/wp\/v2\/posts"}],"about":[{"href":"https:\/\/www.mladibl.com\/index.php?rest_route=\/wp\/v2\/types\/post"}],"author":[{"embeddable":true,"href":"https:\/\/www.mladibl.com\/index.php?rest_route=\/wp\/v2\/users\/1"}],"replies":[{"embeddable":true,"href":"https:\/\/www.mladibl.com\/index.php?rest_route=%2Fwp%2Fv2%2Fcomments&post=47517"}],"version-history":[{"count":1,"href":"https:\/\/www.mladibl.com\/index.php?rest_route=\/wp\/v2\/posts\/47517\/revisions"}],"predecessor-version":[{"id":47518,"href":"https:\/\/www.mladibl.com\/index.php?rest_route=\/wp\/v2\/posts\/47517\/revisions\/47518"}],"wp:featuredmedia":[{"embeddable":true,"href":"https:\/\/www.mladibl.com\/index.php?rest_route=\/wp\/v2\/media\/47514"}],"wp:attachment":[{"href":"https:\/\/www.mladibl.com\/index.php?rest_route=%2Fwp%2Fv2%2Fmedia&parent=47517"}],"wp:term":[{"taxonomy":"category","embeddable":true,"href":"https:\/\/www.mladibl.com\/index.php?rest_route=%2Fwp%2Fv2%2Fcategories&post=47517"},{"taxonomy":"post_tag","embeddable":true,"href":"https:\/\/www.mladibl.com\/index.php?rest_route=%2Fwp%2Fv2%2Ftags&post=47517"}],"curies":[{"name":"wp","href":"https:\/\/api.w.org\/{rel}","templated":true}]}}