{"id":47505,"date":"2025-07-15T00:47:13","date_gmt":"2025-07-14T22:47:13","guid":{"rendered":"https:\/\/www.mladibl.com\/?p=47505"},"modified":"2025-07-15T00:47:19","modified_gmt":"2025-07-14T22:47:19","slug":"magicne-filmske-veceri-i-ovog-ljeta-bioskop-pod-zvijezdama","status":"publish","type":"post","link":"https:\/\/www.mladibl.com\/?p=47505","title":{"rendered":"Magi\u010dne filmske ve\u010deri: I ovog ljeta bioskop pod zvijezdama"},"content":{"rendered":"\n<hr class=\"wp-block-separator has-alpha-channel-opacity\"\/>\n\n\n\n<p>I ove godine u okviru manifestacije \u201eLjeto na Vrbasu\u201c, Banja Luka vam poklanja magi\u010dne filmske ve\u010deri na otvorenom.<\/p>\n\n\n\n<p>Poru\u010dili su iz Turisti\u010dke organizacije grada Banje Luke.<\/p>\n\n\n\n<p>U\u017eivajte u projekcijama na dvije predivne gradske lokacije \u2013 u parku i pored zidina Kastela:<br> Plato ispred zapadne kapije tvr\u0111ave Kastel \u2013 15. jul u 21.00 (film \u201eNemogu\u0107a misija\u201c) i \u00a021. jul u 21.00 \u010das (film \u201eMegdan\u201c);<br> Park \u201eOslobo\u0111enja\u201c \u2013 16. jul u 20.30 (film za djecu \u201eSuper ku\u0107ni patuljci\u201c) i 22. jul u 20.30 \u010dasova (\u201eLesi 2\u201c).<\/p>\n\n\n\n<p>-Ponesite svoju prostirku, povedite prijatelje i ponesite dobro raspolo\u017eenje \u2013 jer ljeto u Banjoj Luci zna\u010di kino pod zvijezdama \u2013 zaklju\u010dili su iz Turisti\u010dke organizacije grada.<\/p>\n\n\n\n<p>Preuzeto sa: <a href=\"https:\/\/www.banjaluka.rs.ba\/ljetni-bioskop-pod-zvijezdama-besplatno\/\" target=\"_blank\" rel=\"noreferrer noopener\">banjaluka.rs.ba<\/a><\/p>\n","protected":false},"excerpt":{"rendered":"<p>I ove godine u okviru manifestacije \u201eLjeto na Vrbasu\u201c, Banja Luka vam poklanja magi\u010dne filmske ve\u010deri na otvorenom. Poru\u010dili su<\/p>\n","protected":false},"author":1,"featured_media":47515,"comment_status":"closed","ping_status":"open","sticky":false,"template":"","format":"standard","meta":{"om_disable_all_campaigns":false,"_monsterinsights_skip_tracking":false,"_monsterinsights_sitenote_active":false,"_monsterinsights_sitenote_note":"","_monsterinsights_sitenote_category":0,"footnotes":""},"categories":[2],"tags":[14278,11504],"class_list":["post-47505","post","type-post","status-publish","format-standard","has-post-thumbnail","hentry","category-vijesti","tag-bioskop","tag-filmske-veceri"],"jetpack_featured_media_url":"https:\/\/www.mladibl.com\/wp-content\/uploads\/2025\/07\/Magicne-filmske-veceri_-I-ovog-ljeta-bioskop-pod-zvijezdama.jpg","amp_enabled":true,"_links":{"self":[{"href":"https:\/\/www.mladibl.com\/index.php?rest_route=\/wp\/v2\/posts\/47505","targetHints":{"allow":["GET"]}}],"collection":[{"href":"https:\/\/www.mladibl.com\/index.php?rest_route=\/wp\/v2\/posts"}],"about":[{"href":"https:\/\/www.mladibl.com\/index.php?rest_route=\/wp\/v2\/types\/post"}],"author":[{"embeddable":true,"href":"https:\/\/www.mladibl.com\/index.php?rest_route=\/wp\/v2\/users\/1"}],"replies":[{"embeddable":true,"href":"https:\/\/www.mladibl.com\/index.php?rest_route=%2Fwp%2Fv2%2Fcomments&post=47505"}],"version-history":[{"count":1,"href":"https:\/\/www.mladibl.com\/index.php?rest_route=\/wp\/v2\/posts\/47505\/revisions"}],"predecessor-version":[{"id":47516,"href":"https:\/\/www.mladibl.com\/index.php?rest_route=\/wp\/v2\/posts\/47505\/revisions\/47516"}],"wp:featuredmedia":[{"embeddable":true,"href":"https:\/\/www.mladibl.com\/index.php?rest_route=\/wp\/v2\/media\/47515"}],"wp:attachment":[{"href":"https:\/\/www.mladibl.com\/index.php?rest_route=%2Fwp%2Fv2%2Fmedia&parent=47505"}],"wp:term":[{"taxonomy":"category","embeddable":true,"href":"https:\/\/www.mladibl.com\/index.php?rest_route=%2Fwp%2Fv2%2Fcategories&post=47505"},{"taxonomy":"post_tag","embeddable":true,"href":"https:\/\/www.mladibl.com\/index.php?rest_route=%2Fwp%2Fv2%2Ftags&post=47505"}],"curies":[{"name":"wp","href":"https:\/\/api.w.org\/{rel}","templated":true}]}}