{"id":47475,"date":"2025-07-14T07:52:53","date_gmt":"2025-07-14T05:52:53","guid":{"rendered":"https:\/\/www.mladibl.com\/?p=47475"},"modified":"2025-07-14T07:52:59","modified_gmt":"2025-07-14T05:52:59","slug":"zdravo-da-ste-organizovao-forum-gradana-u-banjaluci","status":"publish","type":"post","link":"https:\/\/www.mladibl.com\/?p=47475","title":{"rendered":"\u201eZdravo da ste\u201c organizovao Forum gra\u0111ana u Banjaluci"},"content":{"rendered":"\n<p>U prostorijama Omladinskog centra \u201eZdravo da ste\u201c ju\u010de je odr\u017ean Forum gra\u0111ana, koji je okupio mlade, predstavnike organizacija iz Banje Luke, kao i predstavnicu Grada Banja Luka, radi otvorene diskusije o potrebama mladih u gradu i razvoju omladinskog prostora.<br>Tokom foruma, mladi su iznijeli klju\u010dne probleme sa kojima se suo\u010davaju, kao \u0161to su nezadovoljstvo javnim prevozom i nekontrolisana gradnja uz nedostatak jasnog urbanisti\u010dkog plana. Pored toga, razgovaralo se o mogu\u0107im modelima finansiranja kako bi se osigurao kontinuitet aktivnosti za mlade.<\/p>\n\n\n\n<p>U\u010desnici su istakli va\u017enost Omladinskog centra \u201eZdravo da ste\u201c kao zna\u010dajnog mjesta za mlade, opisuju\u0107i ga kao \u201enasu\u0161nu potrebu grada\u201c i primjer koji odgovara evropskim standardima za omladinske prostore.<\/p>\n\n\n\n<p>Istakli su i svoje omiljene aktivnosti u okviru centra, me\u0111u kojima su festival \u201eKreativni avgust\u201c, radionica \u201eMuzi\u010dki kuvar\u201c i razne obuke i radionice, kao zna\u010dajni programi koji doprinose razvoju mladih.Jedna od primjedbi bilo je i pitanje vidljivosti rada centra u zajednici, \u0161to \u0107e predstavnici centra uzeti kao smjernicu za unapre\u0111enje promocije u budu\u0107em periodu.<\/p>\n\n\n\n<p>Organizacija foruma dio je inicijative koja ja\u010da omladinske centre kao resurse za osna\u017eivanje mladih, njihovo dru\u0161tveno uklju\u010divanje i u\u010de\u0161\u0107e u dono\u0161enju odluka. Kroz ovakve doga\u0111aje isti\u010de se zna\u010daj omladinskih centara koji prate potrebe mladih kroz edukacije, kulturne programe i mentorstvo.Omladinski centri mogu biti odr\u017eivi samo uz institucionalnu podr\u0161ku, stabilne izvore finansiranja i efikasne mehanizme za uklju\u010divanje mladih. Zato je va\u017eno razvijati takve modele kako bi centri trajno slu\u017eili mladima i njihovom razvoju.<\/p>\n\n\n\n<p>\u201eOvi forumi su nam va\u017eni jer \u017eelimo da osna\u017eimo omladinske centre, ali i da demistifikujemo na\u0161 rad. Dobili smo odli\u010dne sugestije za budu\u0107e zagovara\u010dke aktivnosti i sigurni smo da stvaramo va\u017enu mre\u017eu podr\u0161ke na\u0161em opstanku i razvoju\u201c, izjavila je Tanja Boromisa, izvr\u0161na direktorica Udru\u017eenja \u201eZdravo da ste\u201c.<\/p>\n\n\n\n<p>\u201eZdravo da ste\u201c zahvaljuje svim u\u010desnicima na anga\u017emanu i dijalogu, te nastavlja da djeluje kao prostor koji podr\u017eava i osna\u017euje mlade u Banjoj Luci.<br><\/p>\n\n\n\n<p>Za vi\u0161e informacija, kontaktirajte nas na: <a href=\"mailto:tanja.boromisa@zdravodaste.org\" target=\"_blank\" rel=\"noreferrer noopener\">tanja.boromisa@zdravodaste.org<\/a> ili 065 978 379.<\/p>\n","protected":false},"excerpt":{"rendered":"<p>U prostorijama Omladinskog centra \u201eZdravo da ste\u201c ju\u010de je odr\u017ean Forum gra\u0111ana, koji je okupio mlade, predstavnike organizacija iz Banje<\/p>\n","protected":false},"author":1,"featured_media":47476,"comment_status":"closed","ping_status":"open","sticky":false,"template":"","format":"standard","meta":{"om_disable_all_campaigns":false,"_monsterinsights_skip_tracking":false,"_monsterinsights_sitenote_active":false,"_monsterinsights_sitenote_note":"","_monsterinsights_sitenote_category":0,"footnotes":""},"categories":[2],"tags":[53,11915,69],"class_list":["post-47475","post","type-post","status-publish","format-standard","has-post-thumbnail","hentry","category-vijesti","tag-banja-luka","tag-forum-gradana","tag-zdravo-da-ste"],"jetpack_featured_media_url":"https:\/\/www.mladibl.com\/wp-content\/uploads\/2025\/07\/\u201eZdravo-da-ste-organizovao-Forum-gradana-u-Banjaluci.jpg","amp_enabled":true,"_links":{"self":[{"href":"https:\/\/www.mladibl.com\/index.php?rest_route=\/wp\/v2\/posts\/47475","targetHints":{"allow":["GET"]}}],"collection":[{"href":"https:\/\/www.mladibl.com\/index.php?rest_route=\/wp\/v2\/posts"}],"about":[{"href":"https:\/\/www.mladibl.com\/index.php?rest_route=\/wp\/v2\/types\/post"}],"author":[{"embeddable":true,"href":"https:\/\/www.mladibl.com\/index.php?rest_route=\/wp\/v2\/users\/1"}],"replies":[{"embeddable":true,"href":"https:\/\/www.mladibl.com\/index.php?rest_route=%2Fwp%2Fv2%2Fcomments&post=47475"}],"version-history":[{"count":1,"href":"https:\/\/www.mladibl.com\/index.php?rest_route=\/wp\/v2\/posts\/47475\/revisions"}],"predecessor-version":[{"id":47477,"href":"https:\/\/www.mladibl.com\/index.php?rest_route=\/wp\/v2\/posts\/47475\/revisions\/47477"}],"wp:featuredmedia":[{"embeddable":true,"href":"https:\/\/www.mladibl.com\/index.php?rest_route=\/wp\/v2\/media\/47476"}],"wp:attachment":[{"href":"https:\/\/www.mladibl.com\/index.php?rest_route=%2Fwp%2Fv2%2Fmedia&parent=47475"}],"wp:term":[{"taxonomy":"category","embeddable":true,"href":"https:\/\/www.mladibl.com\/index.php?rest_route=%2Fwp%2Fv2%2Fcategories&post=47475"},{"taxonomy":"post_tag","embeddable":true,"href":"https:\/\/www.mladibl.com\/index.php?rest_route=%2Fwp%2Fv2%2Ftags&post=47475"}],"curies":[{"name":"wp","href":"https:\/\/api.w.org\/{rel}","templated":true}]}}