{"id":47442,"date":"2025-07-09T21:00:00","date_gmt":"2025-07-09T19:00:00","guid":{"rendered":"https:\/\/www.mladibl.com\/?p=47442"},"modified":"2025-07-09T16:38:46","modified_gmt":"2025-07-09T14:38:46","slug":"pocinje-ljeto-na-vrbasu-pogledajte-program","status":"publish","type":"post","link":"https:\/\/www.mladibl.com\/?p=47442","title":{"rendered":"Po\u010dinje \u201eLjeto na Vrbasu\u201c, pogledajte program"},"content":{"rendered":"\n<hr class=\"wp-block-separator has-alpha-channel-opacity\"\/>\n\n\n\n<p>Najstarija manifestacija \u201eLjeto na Vrbasu\u201c i ove godine svim sugra\u0111anima i turistima ponudi\u0107e niz zanimljivih i atraktivnih doga\u0111aja.<\/p>\n\n\n\n<p>Ova manifestacija \u0107e po\u010dinje 13, a traja\u0107e sve do 27. jula.<\/p>\n\n\n\n<p>U nedjelju, 13. jul u 17.00 \u010dasova bi\u0107e manifestacija \u0107e biti otvorena tradicionalnim skokovima sa Gradskog mosta, a skokovima \u0107e prethoditi i takmi\u010dnje u ribolovu od 11.00 \u010dasova.<\/p>\n\n\n\n<p>U utorak, 15. jula od 21.00 \u010das bi\u0107e prire\u0111en jo\u0161 jedan bioskop na otvorenom na platou ispred zapadne kapije tvr\u0111ave Kastel, dok \u0107e naredni dan, u srijedu 16. jula biti od 20.30 \u010dasova biti odr\u017eana tako\u0111e projekcija filma, ali u Parku Oslobo\u0111enja.<\/p>\n\n\n\n<p>Zaniljiv doga\u0111aj pod nazivom \u201eOffline day \u2013 Kliker a ne klik, bi\u0107e odr\u017ean u nedjelju 20. jula od 18.00 \u010dasova na zelenoj povr\u0161ini kod Kluba 22, ta\u010dnije kod dajak pristani\u0161ta.<\/p>\n\n\n\n<p>Isti dan u istom terminu bi\u0107e odr\u017ean i Dan sportova na vodi, dok je 21. jul, dok je termin od 21.00 \u010das rezervisan za ples pod zvijezdama.<\/p>\n\n\n\n<p>Bisokop na otvorenom \u0107e biti uprili\u010den i 21. jula u od 21.00 \u010das ispred tvr\u0111ave Kastel, kao i naredni dan, 22. jula u Parku oslobo\u0111enja.<\/p>\n\n\n\n<p>Posljednji dan manifestacije \u201eLjeto na Vrbasu\u201c rezervisan je za tradicionalnu trku dajak \u010damaca, od 17.00 \u010dasova kod dajak pristani\u0161ta.<\/p>\n\n\n\n<p>Preuzeto sa: <a href=\"https:\/\/www.banjaluka.rs.ba\/pocinje-ljeto-na-vrbasu-pogledajte-pro\/\" target=\"_blank\" rel=\"noreferrer noopener\">banjaluka.rs.ba<\/a><\/p>\n","protected":false},"excerpt":{"rendered":"<p>Najstarija manifestacija \u201eLjeto na Vrbasu\u201c i ove godine svim sugra\u0111anima i turistima ponudi\u0107e niz zanimljivih i atraktivnih doga\u0111aja. Ova manifestacija<\/p>\n","protected":false},"author":1,"featured_media":47451,"comment_status":"closed","ping_status":"open","sticky":false,"template":"","format":"standard","meta":{"om_disable_all_campaigns":false,"_monsterinsights_skip_tracking":false,"_monsterinsights_sitenote_active":false,"_monsterinsights_sitenote_note":"","_monsterinsights_sitenote_category":0,"footnotes":""},"categories":[2],"tags":[5589,1102],"class_list":["post-47442","post","type-post","status-publish","format-standard","has-post-thumbnail","hentry","category-vijesti","tag-ljeto-na-vrbasu","tag-program"],"jetpack_featured_media_url":"https:\/\/www.mladibl.com\/wp-content\/uploads\/2025\/07\/Pocinje-\u201eLjeto-na-Vrbasu-pogledajte-program.jpg","amp_enabled":true,"_links":{"self":[{"href":"https:\/\/www.mladibl.com\/index.php?rest_route=\/wp\/v2\/posts\/47442","targetHints":{"allow":["GET"]}}],"collection":[{"href":"https:\/\/www.mladibl.com\/index.php?rest_route=\/wp\/v2\/posts"}],"about":[{"href":"https:\/\/www.mladibl.com\/index.php?rest_route=\/wp\/v2\/types\/post"}],"author":[{"embeddable":true,"href":"https:\/\/www.mladibl.com\/index.php?rest_route=\/wp\/v2\/users\/1"}],"replies":[{"embeddable":true,"href":"https:\/\/www.mladibl.com\/index.php?rest_route=%2Fwp%2Fv2%2Fcomments&post=47442"}],"version-history":[{"count":1,"href":"https:\/\/www.mladibl.com\/index.php?rest_route=\/wp\/v2\/posts\/47442\/revisions"}],"predecessor-version":[{"id":47452,"href":"https:\/\/www.mladibl.com\/index.php?rest_route=\/wp\/v2\/posts\/47442\/revisions\/47452"}],"wp:featuredmedia":[{"embeddable":true,"href":"https:\/\/www.mladibl.com\/index.php?rest_route=\/wp\/v2\/media\/47451"}],"wp:attachment":[{"href":"https:\/\/www.mladibl.com\/index.php?rest_route=%2Fwp%2Fv2%2Fmedia&parent=47442"}],"wp:term":[{"taxonomy":"category","embeddable":true,"href":"https:\/\/www.mladibl.com\/index.php?rest_route=%2Fwp%2Fv2%2Fcategories&post=47442"},{"taxonomy":"post_tag","embeddable":true,"href":"https:\/\/www.mladibl.com\/index.php?rest_route=%2Fwp%2Fv2%2Ftags&post=47442"}],"curies":[{"name":"wp","href":"https:\/\/api.w.org\/{rel}","templated":true}]}}