{"id":47364,"date":"2025-07-06T21:28:30","date_gmt":"2025-07-06T19:28:30","guid":{"rendered":"https:\/\/www.mladibl.com\/?p=47364"},"modified":"2025-07-06T21:56:31","modified_gmt":"2025-07-06T19:56:31","slug":"regionalni-klimatski-trening-u-pecki","status":"publish","type":"post","link":"https:\/\/www.mladibl.com\/?p=47364","title":{"rendered":"Regionalni klimatski trening u Pecki"},"content":{"rendered":"\n<p>Pozivamo vas na regionalni klimatski trening u Pecki!<\/p>\n\n\n\n<figure class=\"wp-block-image\"><img decoding=\"async\" src=\"https:\/\/static.xx.fbcdn.net\/images\/emoji.php\/v9\/t6c\/1\/16\/1f4aa.png\" alt=\"\ud83d\udcaa\"\/><\/figure>\n\n\n\n<p>Zajedno sa na\u0161im partnerima iz Srbije, Crne Gore i Hrvatske organizujemo regionalni klimatski trening za aktiviste i aktivistice u Centru za posjetioce Pecka od 21. do 27. jula ove godine.<\/p>\n\n\n\n<figure class=\"wp-block-image\"><img decoding=\"async\" src=\"https:\/\/static.xx.fbcdn.net\/images\/emoji.php\/v9\/te2\/1\/16\/270d.png\" alt=\"\u270d\ufe0f\"\/><\/figure>\n\n\n\n<p>Po \u010detiri u\u010desnika iz svake dr\u017eave \u0107e imati priliku da u\u010di o ekolo\u0161kom aktivizmu, gra\u0111anskim inicijativama i energetskoj autonomiji, ali sve to kroz prizmu kreativnog pisanja!<\/p>\n\n\n\n<p>Poziv je otvoren za osobe svih uzrasta i stru\u010dnih sprema!<\/p>\n\n\n\n<figure class=\"wp-block-image\"><img decoding=\"async\" src=\"https:\/\/static.xx.fbcdn.net\/images\/emoji.php\/v9\/tb7\/1\/16\/23f3.png\" alt=\"\u23f3\"\/><\/figure>\n\n\n\n<p>Popunite prijavnicu \u0161to prije, pa \u0107emo odabrati \u010detiri u\u010desnika iz BiH, dok ostali partneri biraju u\u010desnike iz svojih dr\u017eava! <a href=\"https:\/\/forms.gle\/gFJj3XZWimBwvYM59?fbclid=IwZXh0bgNhZW0CMTAAYnJpZBExMXU0VGoyRmR0bXVQc0tsdQEeigstOy0aAzrBahgQjYmj1TCrLaK1ffy1sW5LPPQ_-fwOOSxGEISZlzjvXbQ_aem_9XoxpwxI46uAsW6BfH1pzA\" rel=\"noreferrer noopener\" target=\"_blank\">https:\/\/forms.gle\/gFJj3XZWimBwvYM59<\/a><\/p>\n\n\n\n<p>Kamp se odr\u017eava u okviru projekta STORY, sufinansiran od strane EU<\/p>\n\n\n\n<figure class=\"wp-block-image\"><img decoding=\"async\" src=\"https:\/\/static.xx.fbcdn.net\/images\/emoji.php\/v9\/tdd\/1\/16\/1f1ea_1f1fa.png\" alt=\"\ud83c\uddea\ud83c\uddfa\"\/><\/figure>\n\n\n\n<p>Svi tro\u0161kovi prevoza, smje\u0161taja i ishrane su pokriveni.<\/p>\n\n\n\n<figure class=\"wp-block-image size-full\"><img loading=\"lazy\" decoding=\"async\" width=\"800\" height=\"1000\" src=\"http:\/\/www.mladibl.com\/wp-content\/uploads\/2025\/07\/Pozivamo-vas-na-regionalni-klimatski-trening-u-Pecki.jpg\" alt=\"Regionalni klimatski trening u Pecki\" class=\"wp-image-47355\" srcset=\"https:\/\/www.mladibl.com\/wp-content\/uploads\/2025\/07\/Pozivamo-vas-na-regionalni-klimatski-trening-u-Pecki.jpg 800w, https:\/\/www.mladibl.com\/wp-content\/uploads\/2025\/07\/Pozivamo-vas-na-regionalni-klimatski-trening-u-Pecki-240x300.jpg 240w, https:\/\/www.mladibl.com\/wp-content\/uploads\/2025\/07\/Pozivamo-vas-na-regionalni-klimatski-trening-u-Pecki-768x960.jpg 768w\" sizes=\"auto, (max-width: 800px) 100vw, 800px\" \/><\/figure>\n\n\n\n<p>Preuzeto sa: <a href=\"https:\/\/www.facebook.com\/photo\/?fbid=1131116802383236&amp;set=a.612383964256525#dmid=ea551ebf-1bbc-4377-933b-a6a21b563e23\" target=\"_blank\" rel=\"noreferrer noopener\">Facebook<\/a><\/p>\n\n\n\n<p><\/p>\n","protected":false},"excerpt":{"rendered":"<p>Pozivamo vas na regionalni klimatski trening u Pecki! Zajedno sa na\u0161im partnerima iz Srbije, Crne Gore i Hrvatske organizujemo regionalni<\/p>\n","protected":false},"author":1,"featured_media":47355,"comment_status":"closed","ping_status":"open","sticky":false,"template":"","format":"standard","meta":{"om_disable_all_campaigns":false,"_monsterinsights_skip_tracking":false,"_monsterinsights_sitenote_active":false,"_monsterinsights_sitenote_note":"","_monsterinsights_sitenote_category":0,"footnotes":""},"categories":[4,8692],"tags":[14120,4992,2560,220],"class_list":["post-47364","post","type-post","status-publish","format-standard","has-post-thumbnail","hentry","category-edukacija","category-izdvajamo","tag-klimatski","tag-pecka","tag-regionalni","tag-trening"],"jetpack_featured_media_url":"https:\/\/www.mladibl.com\/wp-content\/uploads\/2025\/07\/Pozivamo-vas-na-regionalni-klimatski-trening-u-Pecki.jpg","amp_enabled":true,"_links":{"self":[{"href":"https:\/\/www.mladibl.com\/index.php?rest_route=\/wp\/v2\/posts\/47364","targetHints":{"allow":["GET"]}}],"collection":[{"href":"https:\/\/www.mladibl.com\/index.php?rest_route=\/wp\/v2\/posts"}],"about":[{"href":"https:\/\/www.mladibl.com\/index.php?rest_route=\/wp\/v2\/types\/post"}],"author":[{"embeddable":true,"href":"https:\/\/www.mladibl.com\/index.php?rest_route=\/wp\/v2\/users\/1"}],"replies":[{"embeddable":true,"href":"https:\/\/www.mladibl.com\/index.php?rest_route=%2Fwp%2Fv2%2Fcomments&post=47364"}],"version-history":[{"count":1,"href":"https:\/\/www.mladibl.com\/index.php?rest_route=\/wp\/v2\/posts\/47364\/revisions"}],"predecessor-version":[{"id":47365,"href":"https:\/\/www.mladibl.com\/index.php?rest_route=\/wp\/v2\/posts\/47364\/revisions\/47365"}],"wp:featuredmedia":[{"embeddable":true,"href":"https:\/\/www.mladibl.com\/index.php?rest_route=\/wp\/v2\/media\/47355"}],"wp:attachment":[{"href":"https:\/\/www.mladibl.com\/index.php?rest_route=%2Fwp%2Fv2%2Fmedia&parent=47364"}],"wp:term":[{"taxonomy":"category","embeddable":true,"href":"https:\/\/www.mladibl.com\/index.php?rest_route=%2Fwp%2Fv2%2Fcategories&post=47364"},{"taxonomy":"post_tag","embeddable":true,"href":"https:\/\/www.mladibl.com\/index.php?rest_route=%2Fwp%2Fv2%2Ftags&post=47364"}],"curies":[{"name":"wp","href":"https:\/\/api.w.org\/{rel}","templated":true}]}}