{"id":47337,"date":"2025-07-04T00:10:43","date_gmt":"2025-07-03T22:10:43","guid":{"rendered":"https:\/\/www.mladibl.com\/?p=47337"},"modified":"2025-07-04T00:10:49","modified_gmt":"2025-07-03T22:10:49","slug":"zlatna-medalja-za-plakat-stefana-mijica","status":"publish","type":"post","link":"https:\/\/www.mladibl.com\/?p=47337","title":{"rendered":"Zlatna medalja za plakat Stefana Miji\u0107a"},"content":{"rendered":"\n<p><strong>Plakat asistenta na smjeru Grafi\u010dki dizajn na Akademiji umjetnosti Univerziteta u Banjoj Luci mr Stefana Miji\u0107a, osvojio je zlatnu medalju na me\u0111unarodnom konkursu \u010duvene njujor\u0161ke izdava\u010dke ku\u0107e&nbsp;Graphis, u okviru izdanja&nbsp;Poster Annual 2026.<\/strong><\/p>\n\n\n\n<p>Rije\u010d je o jednom od najpresti\u017enijih priznanja u oblasti vizuelnih komunikacija, a&nbsp;Graphis, koji djeluje od 1944. godine, prepoznaje i objavljuje najbolja dostignu\u0107a iz oblasti dizajna, fotografije i ogla\u0161avanja \u0161irom svijeta.<\/p>\n\n\n\n<p>\u201eNjihove godi\u0161nje publikacije \u2013 me\u0111u kojima su&nbsp;Poster Annual,&nbsp;Design Annual&nbsp;i&nbsp;Photography Annual&nbsp;\u2013 smatraju se jednim od najzna\u010dajnijih profesionalnih izvora u dizajnerskoj zajednici. Biti dio ovakve selekcije, uz rame sa globalno priznatim autorima i studijima, predstavlja izuzetnu \u010dast i potvrdu kvaliteta na\u0161eg rada\u201d, navedeno je u saop\u0161tenju Akademije.<\/p>\n\n\n\n<p>Miji\u0107evo priznanje predstavlja ne samo veliki li\u010dni uspjeh ve\u0107 i zna\u010dajno priznanje za Akademiju umjetnosti i doma\u0107u scenu vizuelnih komunikacija u cjelini.<\/p>\n\n\n\n<p>(AU\/UNIBL)<\/p>\n\n\n\n<p>Preuzeto sa: <a href=\"https:\/\/unibl.org\/sr-lat\/vesti\/2025\/07\/zlatna-medalja-za-plakat-stefana-mijica\" target=\"_blank\" rel=\"noreferrer noopener\">unibl.org<\/a><\/p>\n","protected":false},"excerpt":{"rendered":"<p>Plakat asistenta na smjeru Grafi\u010dki dizajn na Akademiji umjetnosti Univerziteta u Banjoj Luci mr Stefana Miji\u0107a, osvojio je zlatnu medalju<\/p>\n","protected":false},"author":1,"featured_media":47322,"comment_status":"closed","ping_status":"open","sticky":false,"template":"","format":"standard","meta":{"om_disable_all_campaigns":false,"_monsterinsights_skip_tracking":false,"_monsterinsights_sitenote_active":false,"_monsterinsights_sitenote_note":"","_monsterinsights_sitenote_category":0,"footnotes":""},"categories":[2],"tags":[11421,14348,14347],"class_list":["post-47337","post","type-post","status-publish","format-standard","has-post-thumbnail","hentry","category-vijesti","tag-plakat","tag-stefan-mijic","tag-zlatna-medalja"],"jetpack_featured_media_url":"https:\/\/www.mladibl.com\/wp-content\/uploads\/2025\/07\/Zlatna-medalja-za-plakat-Stefana-Mijica.jpg","amp_enabled":true,"_links":{"self":[{"href":"https:\/\/www.mladibl.com\/index.php?rest_route=\/wp\/v2\/posts\/47337","targetHints":{"allow":["GET"]}}],"collection":[{"href":"https:\/\/www.mladibl.com\/index.php?rest_route=\/wp\/v2\/posts"}],"about":[{"href":"https:\/\/www.mladibl.com\/index.php?rest_route=\/wp\/v2\/types\/post"}],"author":[{"embeddable":true,"href":"https:\/\/www.mladibl.com\/index.php?rest_route=\/wp\/v2\/users\/1"}],"replies":[{"embeddable":true,"href":"https:\/\/www.mladibl.com\/index.php?rest_route=%2Fwp%2Fv2%2Fcomments&post=47337"}],"version-history":[{"count":1,"href":"https:\/\/www.mladibl.com\/index.php?rest_route=\/wp\/v2\/posts\/47337\/revisions"}],"predecessor-version":[{"id":47338,"href":"https:\/\/www.mladibl.com\/index.php?rest_route=\/wp\/v2\/posts\/47337\/revisions\/47338"}],"wp:featuredmedia":[{"embeddable":true,"href":"https:\/\/www.mladibl.com\/index.php?rest_route=\/wp\/v2\/media\/47322"}],"wp:attachment":[{"href":"https:\/\/www.mladibl.com\/index.php?rest_route=%2Fwp%2Fv2%2Fmedia&parent=47337"}],"wp:term":[{"taxonomy":"category","embeddable":true,"href":"https:\/\/www.mladibl.com\/index.php?rest_route=%2Fwp%2Fv2%2Fcategories&post=47337"},{"taxonomy":"post_tag","embeddable":true,"href":"https:\/\/www.mladibl.com\/index.php?rest_route=%2Fwp%2Fv2%2Ftags&post=47337"}],"curies":[{"name":"wp","href":"https:\/\/api.w.org\/{rel}","templated":true}]}}