{"id":47333,"date":"2025-07-04T00:08:29","date_gmt":"2025-07-03T22:08:29","guid":{"rendered":"https:\/\/www.mladibl.com\/?p=47333"},"modified":"2025-07-04T00:08:34","modified_gmt":"2025-07-03T22:08:34","slug":"univerzitetski-foto-kino-klub-banjaluka-otvara-najznacajniju-izlozbu","status":"publish","type":"post","link":"https:\/\/www.mladibl.com\/?p=47333","title":{"rendered":"Univerzitetski foto-kino klub Banjaluka otvara najzna\u010dajniju izlo\u017ebu"},"content":{"rendered":"\n<p>U velikom izlo\u017ebenom salonu Kulturnog centra Banski dvor u Banjaluci sutra \u0107e biti otvorena tradicionalna, 29. po redu, klupska izlo\u017eba fotografija Univerzitetskog foto-kino kluba Banjaluka, koja predstavlja jednu od najzna\u010dajnijih manifestacija ovog kluba.<\/p>\n\n\n\n<p>\u201cOvo je tradicionalna i nama najzna\u010dajnija izlo\u017eba, bez obzira \u0161to organizujemo i \u010detiri me\u0111unarodne izlo\u017ebe i dr\u017eavnu izlo\u017ebu BiH fotografije\u201d, poru\u010duju iz Univerzitetskog foto-kino kluba Banjaluka.<\/p>\n\n\n\n<p>Na ovogodi\u0161njoj klupskoj izlo\u017ebi u\u010destvuje 34 autora sa ukupno 136 fotografija, a posjetioci \u0107e mo\u0107i da vide radove koji se bave temama pokreta i slobodne teme, koja omogu\u0107ava autorima da kroz sopstvenu pri\u010du i emociju iska\u017eu svoju viziju. Otvaranje izlo\u017ebe zakazano je za 20:00 \u010dasova.<\/p>\n\n\n\n<p>\u201cOve godine jedna tema je bila pokret, a druga slobodna gdje bi autori mogli da izraze svoju pri\u010du, svoju emociju na suptilan na\u010din koriste\u0107i tehniku, prvenstveno vode\u0107i se tim da njihova ideja i misao, kao i kona\u010dna pri\u010da budu realizovane kroz fotografiju. Va\u017eno je naglasiti i da je svrha tehnike da ona bude samo sredstvo do ostvarivanja na\u0161eg cilja\u201d, kazao je Dragan Prole, ispred Univerzitetskog foto-kino kluba Banjaluka.<\/p>\n\n\n\n<p>Kako isti\u010du organizatori, Univerzitetski foto-kino klub Banjaluka je u regionu najmasovniji klub, a istovremeno njegovi \u010dlanovi posti\u017eu respektabilan kvalitet fotografija.<\/p>\n\n\n\n<p>\u201cNastojimo da \u0161to vi\u0161e pokrenemo ljude u klubu, da ih afirmi\u0161emo i da ih nau\u010dimo da drugim o\u010dima gledaju sve ono \u0161to se de\u0161ava oko njih, a da foto-aparat samo bude sredstvo za dola\u017eenje do cilja\u201d, zaklju\u010dio je Prole.<\/p>\n\n\n\n<p>Izlo\u017eba \u0107e za sve zainteresovane posjetiove biti otvorena do 15. avgusta.<\/p>\n\n\n\n<p>Preuzeto sa: <a href=\"https:\/\/www.nezavisne.com\/novosti\/banjaluka\/Univerzitetski-foto-kino-klub-Banjaluka-sutra-otvara-najznacajniju-izlozbu\/913695\" target=\"_blank\" rel=\"noreferrer noopener\">nezavisne.com<\/a><\/p>\n","protected":false},"excerpt":{"rendered":"<p>U velikom izlo\u017ebenom salonu Kulturnog centra Banski dvor u Banjaluci sutra \u0107e biti otvorena tradicionalna, 29. po redu, klupska izlo\u017eba<\/p>\n","protected":false},"author":1,"featured_media":47324,"comment_status":"closed","ping_status":"open","sticky":false,"template":"","format":"standard","meta":{"om_disable_all_campaigns":false,"_monsterinsights_skip_tracking":false,"_monsterinsights_sitenote_active":false,"_monsterinsights_sitenote_note":"","_monsterinsights_sitenote_category":0,"footnotes":""},"categories":[2],"tags":[53,14346,699,703],"class_list":["post-47333","post","type-post","status-publish","format-standard","has-post-thumbnail","hentry","category-vijesti","tag-banja-luka","tag-foto-kino-klub","tag-izlozba","tag-univerzitetski"],"jetpack_featured_media_url":"https:\/\/www.mladibl.com\/wp-content\/uploads\/2025\/07\/Univerzitetski-foto-kino-klub-Banjaluka-otvara-najznacajniju-izlozbu.jpg","amp_enabled":true,"_links":{"self":[{"href":"https:\/\/www.mladibl.com\/index.php?rest_route=\/wp\/v2\/posts\/47333","targetHints":{"allow":["GET"]}}],"collection":[{"href":"https:\/\/www.mladibl.com\/index.php?rest_route=\/wp\/v2\/posts"}],"about":[{"href":"https:\/\/www.mladibl.com\/index.php?rest_route=\/wp\/v2\/types\/post"}],"author":[{"embeddable":true,"href":"https:\/\/www.mladibl.com\/index.php?rest_route=\/wp\/v2\/users\/1"}],"replies":[{"embeddable":true,"href":"https:\/\/www.mladibl.com\/index.php?rest_route=%2Fwp%2Fv2%2Fcomments&post=47333"}],"version-history":[{"count":1,"href":"https:\/\/www.mladibl.com\/index.php?rest_route=\/wp\/v2\/posts\/47333\/revisions"}],"predecessor-version":[{"id":47334,"href":"https:\/\/www.mladibl.com\/index.php?rest_route=\/wp\/v2\/posts\/47333\/revisions\/47334"}],"wp:featuredmedia":[{"embeddable":true,"href":"https:\/\/www.mladibl.com\/index.php?rest_route=\/wp\/v2\/media\/47324"}],"wp:attachment":[{"href":"https:\/\/www.mladibl.com\/index.php?rest_route=%2Fwp%2Fv2%2Fmedia&parent=47333"}],"wp:term":[{"taxonomy":"category","embeddable":true,"href":"https:\/\/www.mladibl.com\/index.php?rest_route=%2Fwp%2Fv2%2Fcategories&post=47333"},{"taxonomy":"post_tag","embeddable":true,"href":"https:\/\/www.mladibl.com\/index.php?rest_route=%2Fwp%2Fv2%2Ftags&post=47333"}],"curies":[{"name":"wp","href":"https:\/\/api.w.org\/{rel}","templated":true}]}}