{"id":47304,"date":"2025-07-03T17:57:30","date_gmt":"2025-07-03T15:57:30","guid":{"rendered":"https:\/\/www.mladibl.com\/?p=47304"},"modified":"2025-07-03T17:57:36","modified_gmt":"2025-07-03T15:57:36","slug":"prijavi-se-na-akademiju-za-kandidatkinje","status":"publish","type":"post","link":"https:\/\/www.mladibl.com\/?p=47304","title":{"rendered":"PRIJAVI SE NA AKADEMIJU ZA KANDIDATKINJE"},"content":{"rendered":"\n<figure class=\"wp-block-image\"><img decoding=\"async\" src=\"https:\/\/static.xx.fbcdn.net\/images\/emoji.php\/v9\/t77\/1\/16\/203c.png\" alt=\"\u203c\ufe0f\"\/><\/figure>\n\n\n\n<p>PRIJAVI SE NA AKADEMIJU ZA KANDIDATKINJE!<\/p>\n\n\n\n<figure class=\"wp-block-image\"><img decoding=\"async\" src=\"https:\/\/static.xx.fbcdn.net\/images\/emoji.php\/v9\/t77\/1\/16\/203c.png\" alt=\"\u203c\ufe0f\"\/><\/figure>\n\n\n\n<figure class=\"wp-block-image\"><img decoding=\"async\" src=\"https:\/\/static.xx.fbcdn.net\/images\/emoji.php\/v9\/tba\/1\/16\/1f4e3.png\" alt=\"\ud83d\udce3\"\/><\/figure>\n\n\n\n<p>Vije\u0107e Evrope pokre\u0107e Akademiju za kandidatkinje \u2013 posebno osmi\u0161ljen program s ciljem ve\u0107eg u\u010de\u0161\u0107a \u017eena u izbornim procesima u Bosni i Hercegovini!<\/p>\n\n\n\n<figure class=\"wp-block-image\"><img decoding=\"async\" src=\"https:\/\/static.xx.fbcdn.net\/images\/emoji.php\/v9\/t79\/1\/16\/1f469_200d_1f4bc.png\" alt=\"\ud83d\udc69\u200d\ud83d\udcbc\"\/><\/figure>\n\n\n\n<p>Poziv je otvoren za:<\/p>\n\n\n\n<figure class=\"wp-block-image\"><img decoding=\"async\" src=\"https:\/\/static.xx.fbcdn.net\/images\/emoji.php\/v9\/t51\/1\/16\/2714.png\" alt=\"\u2714\"\/><\/figure>\n\n\n\n<p>politi\u010dki aktivne \u017eene iz cijele BiH koje se \u017eele kandidovati ili su se ranije kandidovale,<\/p>\n\n\n\n<figure class=\"wp-block-image\"><img decoding=\"async\" src=\"https:\/\/static.xx.fbcdn.net\/images\/emoji.php\/v9\/t51\/1\/16\/2714.png\" alt=\"\u2714\"\/><\/figure>\n\n\n\n<p>\u017eene posve\u0107ene ravnopravnosti, demokratskim vrijednostima i javnoj slu\u017ebi,<\/p>\n\n\n\n<figure class=\"wp-block-image\"><img decoding=\"async\" src=\"https:\/\/static.xx.fbcdn.net\/images\/emoji.php\/v9\/t51\/1\/16\/2714.png\" alt=\"\u2714\"\/><\/figure>\n\n\n\n<p>naro\u010dito pozivamo \u010dlanice politi\u010dkih partija, nezavisne kandidatkinje, te aktivistkinje iz omladinskih ili manjinskih grupa!<\/p>\n\n\n\n<figure class=\"wp-block-image\"><img decoding=\"async\" src=\"https:\/\/static.xx.fbcdn.net\/images\/emoji.php\/v9\/tb7\/1\/16\/23f3.png\" alt=\"\u23f3\"\/><\/figure>\n\n\n\n<p>Rok za prijavu: 15. juli 2025. do 17:00 sati<\/p>\n\n\n\n<figure class=\"wp-block-image\"><img decoding=\"async\" src=\"https:\/\/static.xx.fbcdn.net\/images\/emoji.php\/v9\/tb3\/1\/16\/1f517.png\" alt=\"\ud83d\udd17\"\/><\/figure>\n\n\n\n<p>Vi\u0161e informacija na linku: <a href=\"https:\/\/l.facebook.com\/l.php?u=https%3A%2F%2Fgo.coe.int%2Fj96eB%3Ffbclid%3DIwZXh0bgNhZW0CMTAAYnJpZBExQjVvaEJBUk1TTHZjZm9WSQEe-Kj1EHRt6zwSjim41l84ghResk3pyX0EtB1McfL7OTOBw8GrqJaMtFHlN7U_aem_SvCzFJr1eUe1Uhw71Ixltw&amp;h=AT3oJ6sENZcZlVQqJmfuwypUGhLFw0M0QH1HwIgN6sbl2WtMR5O1p3KlrAYj4dnQin1zWU_aFmQCDpWPsau-o69we7oyNodpk0jWXHIzlE0CYwoZ1iA5JYpnyKr1eNyxNeQtoPR0PtNqwg&amp;__tn__=-UK*F\" rel=\"noreferrer noopener\" target=\"_blank\">https:\/\/go.coe.int\/j96eB<\/a><\/p>\n\n\n\n<p>Preuzeto sa: <a href=\"https:\/\/www.facebook.com\/photo\/?fbid=1139270974891812&amp;set=a.624457016373213#dmid=ea551ebf-1bbc-4377-933b-a6a21b563e23\" target=\"_blank\" rel=\"noreferrer noopener\">Facebook<\/a><\/p>\n","protected":false},"excerpt":{"rendered":"<p>PRIJAVI SE NA AKADEMIJU ZA KANDIDATKINJE! Vije\u0107e Evrope pokre\u0107e Akademiju za kandidatkinje \u2013 posebno osmi\u0161ljen program s ciljem ve\u0107eg u\u010de\u0161\u0107a<\/p>\n","protected":false},"author":1,"featured_media":47285,"comment_status":"closed","ping_status":"open","sticky":false,"template":"","format":"standard","meta":{"om_disable_all_campaigns":false,"_monsterinsights_skip_tracking":false,"_monsterinsights_sitenote_active":false,"_monsterinsights_sitenote_note":"","_monsterinsights_sitenote_category":0,"footnotes":""},"categories":[4],"tags":[14340],"class_list":["post-47304","post","type-post","status-publish","format-standard","has-post-thumbnail","hentry","category-edukacija","tag-akademija-za-kandidatkinje"],"jetpack_featured_media_url":"https:\/\/www.mladibl.com\/wp-content\/uploads\/2025\/07\/\u203c\ufe0fPRIJAVI-SE-NA-AKADEMIJU-ZA-KANDIDATKINJE.jpg","amp_enabled":true,"_links":{"self":[{"href":"https:\/\/www.mladibl.com\/index.php?rest_route=\/wp\/v2\/posts\/47304","targetHints":{"allow":["GET"]}}],"collection":[{"href":"https:\/\/www.mladibl.com\/index.php?rest_route=\/wp\/v2\/posts"}],"about":[{"href":"https:\/\/www.mladibl.com\/index.php?rest_route=\/wp\/v2\/types\/post"}],"author":[{"embeddable":true,"href":"https:\/\/www.mladibl.com\/index.php?rest_route=\/wp\/v2\/users\/1"}],"replies":[{"embeddable":true,"href":"https:\/\/www.mladibl.com\/index.php?rest_route=%2Fwp%2Fv2%2Fcomments&post=47304"}],"version-history":[{"count":1,"href":"https:\/\/www.mladibl.com\/index.php?rest_route=\/wp\/v2\/posts\/47304\/revisions"}],"predecessor-version":[{"id":47305,"href":"https:\/\/www.mladibl.com\/index.php?rest_route=\/wp\/v2\/posts\/47304\/revisions\/47305"}],"wp:featuredmedia":[{"embeddable":true,"href":"https:\/\/www.mladibl.com\/index.php?rest_route=\/wp\/v2\/media\/47285"}],"wp:attachment":[{"href":"https:\/\/www.mladibl.com\/index.php?rest_route=%2Fwp%2Fv2%2Fmedia&parent=47304"}],"wp:term":[{"taxonomy":"category","embeddable":true,"href":"https:\/\/www.mladibl.com\/index.php?rest_route=%2Fwp%2Fv2%2Fcategories&post=47304"},{"taxonomy":"post_tag","embeddable":true,"href":"https:\/\/www.mladibl.com\/index.php?rest_route=%2Fwp%2Fv2%2Ftags&post=47304"}],"curies":[{"name":"wp","href":"https:\/\/api.w.org\/{rel}","templated":true}]}}